{"id":5764,"date":"2024-01-11T12:24:50","date_gmt":"2024-01-11T11:24:50","guid":{"rendered":"https:\/\/www.medespoir.ch\/blog\/reducao-mamaria-em-vaud-um-procedimento-estetico-e-terapeutico\/"},"modified":"2024-01-11T12:24:50","modified_gmt":"2024-01-11T11:24:50","slug":"reducao-mamaria-em-vaud-um-procedimento-estetico-e-terapeutico","status":"publish","type":"post","link":"https:\/\/www.medespoir.ch\/blog\/pt-pt\/reducao-mamaria-em-vaud-um-procedimento-estetico-e-terapeutico\/","title":{"rendered":"Redu\u00e7\u00e3o mam\u00e1ria em Vaud: um procedimento est\u00e9tico e terap\u00eautico"},"content":{"rendered":"<p>&nbsp;<\/p>\n<p>&nbsp;<\/p>\n<p>A mamoplastia de redu\u00e7\u00e3o \u00e9 um procedimento de cirurgia est\u00e9tica destinado a reduzir o volume e o peso dos seios atrav\u00e9s da remo\u00e7\u00e3o do excesso de gordura, tecido glandular e pele. Pode ser por raz\u00f5es est\u00e9ticas, para harmonizar a figura e melhorar o aspeto dos seios, ou por raz\u00f5es terap\u00eauticas, para aliviar os sintomas associados \u00e0 hipertrofia mam\u00e1ria, ou seja, ao desenvolvimento excessivo dos seios. A redu\u00e7\u00e3o mam\u00e1ria tem um duplo objetivo: embelezar e curar.<\/p>\n<p>&nbsp;<\/p>\n<p>A redu\u00e7\u00e3o mam\u00e1ria \u00e9 efectuada sob anestesia geral por um cirurgi\u00e3o pl\u00e1stico qualificado. O cirurgi\u00e3o da cl\u00ednica Medespoir de Vaud \u00e9 um especialista neste dom\u00ednio e prop\u00f5e-lhe esta interven\u00e7\u00e3o no cant\u00e3o de Vaud, na Su\u00ed\u00e7a, com resultados satisfat\u00f3rios e duradouros.<\/p>\n<p>&nbsp;<\/p>\n<h2>Pre\u00e7o de uma mamoplastia de redu\u00e7\u00e3o em Vaud<\/h2>\n<p>O pre\u00e7o de uma mamoplastia de redu\u00e7\u00e3o pode variar consideravelmente em fun\u00e7\u00e3o da regi\u00e3o, do grau de aumento dos seios, da t\u00e9cnica cir\u00fargica utilizada, do tipo de anestesia e de outros factores. Segundo o cirurgi\u00e3o, uma redu\u00e7\u00e3o mam\u00e1ria no cant\u00e3o su\u00ed\u00e7o de Vaud custaria entre 5.000 e 10.000 francos su\u00ed\u00e7os.<\/p>\n<p>Este custo pode ser comparado com o de outros pa\u00edses, onde interven\u00e7\u00f5es semelhantes podem ter pre\u00e7os diferentes. Em Fran\u00e7a, por exemplo, uma redu\u00e7\u00e3o mam\u00e1ria custa, em m\u00e9dia, entre 4.000 e 8.000 euros. Na Tun\u00edsia, os pre\u00e7os s\u00e3o consideravelmente mais baixos, entre 2.000 e 5.000 euros. No entanto, estes valores s\u00e3o apenas aproximativos e os custos reais podem depender dos cirurgi\u00f5es, dos estabelecimentos m\u00e9dicos e de outros factores.<\/p>\n<p>O custo n\u00e3o \u00e9 o \u00fanico crit\u00e9rio a ter em conta na escolha de uma redu\u00e7\u00e3o mam\u00e1ria. A compet\u00eancia do cirurgi\u00e3o, a qualidade das instala\u00e7\u00f5es m\u00e9dicas, o cumprimento das normas de seguran\u00e7a e o acompanhamento p\u00f3s-operat\u00f3rio s\u00e3o tamb\u00e9m factores essenciais a considerar. Antes de tomar uma decis\u00e3o, aconselha-se vivamente que consulte v\u00e1rios cirurgi\u00f5es, verifique as suas refer\u00eancias, discuta os pormenores exactos da opera\u00e7\u00e3o e compreenda plenamente os custos associados.<\/p>\n<h2>Quais s\u00e3o os riscos do aumento do peito?<\/h2>\n<p>&nbsp;<\/p>\n<p>A hipertrofia mam\u00e1ria \u00e9 uma anomalia em que o tamanho dos seios \u00e9 desproporcionado em rela\u00e7\u00e3o \u00e0 morfologia da mulher. Pode dever-se a factores gen\u00e9ticos, hormonais, de peso ou medicamentos. Aparece geralmente na puberdade, mas tamb\u00e9m pode ocorrer noutras alturas da vida, como durante a gravidez, a amamenta\u00e7\u00e3o ou a menopausa.<\/p>\n<p>&nbsp;<\/p>\n<p>O aumento dos seios n\u00e3o \u00e9 apenas um problema est\u00e9tico; pode ter consequ\u00eancias nefastas para a sa\u00fade f\u00edsica e psicol\u00f3gica da mulher. Estas consequ\u00eancias incluem<\/p>\n<p>&nbsp;<\/p>\n<ul>\n<li>Dores nas costas, no pesco\u00e7o e nos ombros, devido ao peso excessivo dos seios, que leva a uma m\u00e1 postura e a tens\u00f5es musculares.<\/li>\n<\/ul>\n<p>&nbsp;<\/p>\n<ul>\n<li>Irrita\u00e7\u00f5es da pele, infec\u00e7\u00f5es ou infec\u00e7\u00f5es f\u00fangicas na prega submam\u00e1ria, onde a pele est\u00e1 enrugada e h\u00famida.<\/li>\n<\/ul>\n<p>&nbsp;<\/p>\n<ul>\n<li>Problemas respirat\u00f3rios, como a asma ou a apneia do sono, causados pela compress\u00e3o do peito sobre a caixa tor\u00e1cica e os pulm\u00f5es.<\/li>\n<\/ul>\n<p>&nbsp;<\/p>\n<ul>\n<li>Dificuldade na atividade f\u00edsica, devido \u00e0 congest\u00e3o e \u00e0 oscila\u00e7\u00e3o dos seios, que exigem um soutien adequado e refor\u00e7ado.<\/li>\n<\/ul>\n<p>&nbsp;<\/p>\n<ul>\n<li>Problemas psicol\u00f3gicos, como a baixa autoestima, a depress\u00e3o, a vergonha ou o isolamento social, relacionados com a forma como os outros olham para si e com a dificuldade em vestir-se.<\/li>\n<\/ul>\n<p>&nbsp;<\/p>\n<p>&nbsp;<\/p>\n<h2>Quanto custa uma mamoplastia de redu\u00e7\u00e3o no cant\u00e3o de Vaud?<\/h2>\n<p>&nbsp;<\/p>\n<p>O custo de uma mamoplastia de redu\u00e7\u00e3o no cant\u00e3o de Vaud depende de v\u00e1rios factores, tais como :<\/p>\n<p>&nbsp;<\/p>\n<ul>\n<li>O grau de aumento do peito, que determina a quantidade de tecido a remover e a complexidade da opera\u00e7\u00e3o.<\/li>\n<\/ul>\n<p>&nbsp;<\/p>\n<ul>\n<li>O tipo de t\u00e9cnica utilizada, que varia consoante a forma e a posi\u00e7\u00e3o dos seios, e que implica incis\u00f5es mais ou menos extensas.<\/li>\n<\/ul>\n<p>&nbsp;<\/p>\n<ul>\n<li>O tipo de anestesia, que pode ser geral ou local, consoante a escolha do doente e do cirurgi\u00e3o.<\/li>\n<\/ul>\n<p>&nbsp;<\/p>\n<ul>\n<li>O local da opera\u00e7\u00e3o, que pode ser uma cl\u00ednica privada ou um hospital p\u00fablico, consoante a disponibilidade e o conforto do doente.<\/li>\n<\/ul>\n<p>&nbsp;<\/p>\n<ul>\n<li>As despesas acess\u00f3rias, que incluem os honor\u00e1rios do cirurgi\u00e3o, do anestesista e do pessoal de enfermagem, bem como as despesas de estadia, de consulta, de acompanhamento e de equipamento.<\/li>\n<\/ul>\n<p>&nbsp;<\/p>\n<p>&nbsp;<\/p>\n<p>O custo de uma mamoplastia de redu\u00e7\u00e3o no cant\u00e3o de Vaud pode variar entre 5.000 e 10.000 francos su\u00ed\u00e7os, em fun\u00e7\u00e3o destes diferentes crit\u00e9rios. O cirurgi\u00e3o da cl\u00ednica Medespoir em Vaud dar-lhe-\u00e1 um or\u00e7amento personalizado e pormenorizado durante a consulta pr\u00e9-operat\u00f3ria.<\/p>\n<p>&nbsp;<\/p>\n<h2>Qual \u00e9 o impacto na amamenta\u00e7\u00e3o?<\/h2>\n<p>&nbsp;<\/p>\n<p>A amamenta\u00e7\u00e3o natural \u00e9 poss\u00edvel ap\u00f3s uma redu\u00e7\u00e3o mam\u00e1ria, desde que a opera\u00e7\u00e3o tenha respeitado os ductos galact\u00f3foros, que s\u00e3o os ductos que transportam o leite materno das gl\u00e2ndulas mam\u00e1rias para os mamilos. O m\u00e9dico utiliza t\u00e9cnicas que preservam ao m\u00e1ximo estes canais, evitando cortar ou deslocar o mamilo e preservando parte da gl\u00e2ndula mam\u00e1ria.<\/p>\n<p>&nbsp;<\/p>\n<p>No entanto, \u00e9 importante lembrar que a amamenta\u00e7\u00e3o natural pode ser comprometida por outros factores, independentes da redu\u00e7\u00e3o mam\u00e1ria, como a qualidade e a quantidade de leite, a estimula\u00e7\u00e3o hormonal e a a\u00e7\u00e3o de suc\u00e7\u00e3o do beb\u00e9. Por isso, \u00e9 aconselh\u00e1vel consultar um especialista em aleitamento materno, que a poder\u00e1 apoiar e tranquilizar.<\/p>\n<p>&nbsp;<\/p>\n<h2>\u00c9 poss\u00edvel reduzir o tamanho do peito sem cirurgia no cant\u00e3o de Vaud?<\/h2>\n<p>&nbsp;<\/p>\n<p>No cant\u00e3o de Vaud, n\u00e3o existe nenhum m\u00e9todo n\u00e3o cir\u00fargico eficaz e duradouro para reduzir o tamanho dos seios. A \u00fanica forma de remover o excesso de gordura, tecido glandular e pele dos seios \u00e9 atrav\u00e9s da cirurgia de redu\u00e7\u00e3o mam\u00e1ria. Outros m\u00e9todos, como cremes, massagens, dietas ou exerc\u00edcios, n\u00e3o s\u00e3o capazes de atingir especificamente os seios e t\u00eam apenas um efeito limitado e tempor\u00e1rio.<\/p>\n<p>&nbsp;<\/p>\n<h2>Como \u00e9 que me preparo para uma mamoplastia de redu\u00e7\u00e3o no cant\u00e3o de Vaud?<\/h2>\n<p>&nbsp;<\/p>\n<p>A prepara\u00e7\u00e3o para uma mamoplastia de redu\u00e7\u00e3o no cant\u00e3o de Vaud passa por v\u00e1rias etapas destinadas a garantir o bom desenrolar da opera\u00e7\u00e3o e a evitar complica\u00e7\u00f5es. Estes passos s\u00e3o os seguintes:<\/p>\n<p>&nbsp;<\/p>\n<ul>\n<li>A consulta pr\u00e9-operat\u00f3ria, que permite ao nosso cirurgi\u00e3o examin\u00e1-lo, inform\u00e1-lo, aconselh\u00e1-lo e propor-lhe um plano de tratamento adaptado ao seu caso. Ser-lhe-\u00e1 pedido que forne\u00e7a o seu historial m\u00e9dico, historial cir\u00fargico, alergias, tratamentos actuais e expectativas. O m\u00e9dico ir\u00e1 tamb\u00e9m prescrever exames adicionais, como uma mamografia, uma ecografia ou uma an\u00e1lise ao sangue.<\/li>\n<\/ul>\n<p>&nbsp;<\/p>\n<ul>\n<li>Deixar de fumar, beber \u00e1lcool e tomar certos medicamentos, como anti-inflamat\u00f3rios, anticoagulantes e contraceptivos orais, pelo menos duas semanas antes da opera\u00e7\u00e3o. Estas subst\u00e2ncias podem aumentar o risco de hemorragia, infe\u00e7\u00e3o ou flebite.<\/li>\n<\/ul>\n<p>&nbsp;<\/p>\n<ul>\n<li>Jejum, que consiste em n\u00e3o comer nem beber nada, exceto \u00e1gua, durante seis horas antes da opera\u00e7\u00e3o. Isto reduz o risco de v\u00f3mitos ou de inala\u00e7\u00e3o durante a anestesia.<\/li>\n<\/ul>\n<p>&nbsp;<\/p>\n<ul>\n<li>Prepara\u00e7\u00e3o dos seios, que inclui a limpeza e a depila\u00e7\u00e3o para evitar infec\u00e7\u00f5es. Deve tamb\u00e9m retirar todas as j\u00f3ias, piercings ou pr\u00f3teses mam\u00e1rias, se as tiver.<\/li>\n<\/ul>\n<p>&nbsp;<\/p>\n<ul>\n<li>Prepara\u00e7\u00e3o da estadia, que consiste em organizar as roupas, os documentos e os objectos pessoais de que necessitar\u00e1 durante a sua estadia no hospital. Deve tamb\u00e9m fazer-se acompanhar at\u00e9 casa por algu\u00e9m da sua confian\u00e7a e evitar conduzir.<\/li>\n<\/ul>\n<p>&nbsp;<\/p>\n<p>&nbsp;<\/p>\n<h2>Como funciona a mamoplastia de redu\u00e7\u00e3o no cant\u00e3o de Vaud?<\/h2>\n<p>&nbsp;<\/p>\n<p>A mamoplastia de redu\u00e7\u00e3o no cant\u00e3o de Vaud \u00e9 efectuada nas seguintes etapas:<\/p>\n<p>&nbsp;<\/p>\n<ul>\n<li>A anestesia, que \u00e9 geral, coloca-o num sono profundo e indolor. O cirurgi\u00e3o da cl\u00ednica Med espoir, em Vaud, e o anestesista verificam o seu estado de sa\u00fade e colocam-no na mesa de opera\u00e7\u00f5es, com sensores que monitorizam as suas fun\u00e7\u00f5es vitais.<\/li>\n<\/ul>\n<p>&nbsp;<\/p>\n<ul>\n<li>As incis\u00f5es, que s\u00e3o efectuadas em fun\u00e7\u00e3o do tipo de t\u00e9cnica escolhida, permitem aceder ao tecido mam\u00e1rio. Existem v\u00e1rios tipos de incis\u00e3o, que podem ser peri-areolares, verticais ou em forma de T invertido, consoante a forma e a posi\u00e7\u00e3o dos seios e o grau de redu\u00e7\u00e3o pretendido. O cirurgi\u00e3o explicar\u00e1 o tipo de incis\u00e3o que ir\u00e1 utilizar durante a consulta pr\u00e9-operat\u00f3ria e mostrar-lhe-\u00e1 as poss\u00edveis cicatrizes.<\/li>\n<\/ul>\n<p>&nbsp;<\/p>\n<p>&nbsp;<\/p>\n<ul>\n<li>Sutura, que consiste em fechar as incis\u00f5es com suturas absorv\u00edveis ou n\u00e3o absorv\u00edveis, consoante o caso. O cirurgi\u00e3o utiliza suturas finas e precisas para limitar as cicatrizes e promover a cicatriza\u00e7\u00e3o.<\/li>\n<\/ul>\n<p>&nbsp;<\/p>\n<ul>\n<li>Pensos, que consistem na aplica\u00e7\u00e3o de ligaduras de compress\u00e3o e de um soutien de apoio nos seios para os proteger e apoiar e reduzir o edema. O penso ter\u00e1 de ser mudado regularmente e o soutien ter\u00e1 de ser usado dia e noite durante v\u00e1rias semanas.<\/li>\n<\/ul>\n<p>&nbsp;<\/p>\n<p>A dura\u00e7\u00e3o do procedimento \u00e9 de duas a quatro horas, consoante a extens\u00e3o da redu\u00e7\u00e3o e a t\u00e9cnica utilizada. O doente \u00e9 ent\u00e3o transferido para a sala de recobro, onde \u00e9 monitorizado at\u00e9 estar completamente acordado. Pode ent\u00e3o regressar ao seu quarto, onde permanecer\u00e1 no hospital durante uma ou duas noites, consoante o seu estado.<\/p>\n<p>&nbsp;<\/p>\n<h2>Quais s\u00e3o os tratamentos dispon\u00edveis ap\u00f3s uma mamoplastia de redu\u00e7\u00e3o no cant\u00e3o de Vaud?<\/h2>\n<p>Os cuidados ap\u00f3s uma mamoplastia de redu\u00e7\u00e3o no cant\u00e3o de Vaud s\u00e3o essenciais para garantir uma boa recupera\u00e7\u00e3o e um resultado \u00f3timo. Estes incluem :<\/p>\n<p>&nbsp;<\/p>\n<ul>\n<li>Acompanhamento m\u00e9dico, que consiste em visitas regulares ao nosso cirurgi\u00e3o, que verificar\u00e1 o progresso da cicatriza\u00e7\u00e3o, remover\u00e1 suturas e drenos, se necess\u00e1rio, e prescrever\u00e1 medica\u00e7\u00e3o para aliviar a dor, prevenir infec\u00e7\u00f5es e encorajar a reabsor\u00e7\u00e3o do edema. O acompanhamento m\u00e9dico continuar\u00e1 durante v\u00e1rios meses, at\u00e9 \u00e0 estabiliza\u00e7\u00e3o do resultado.<\/li>\n<\/ul>\n<p>&nbsp;<\/p>\n<ul>\n<li>Instru\u00e7\u00f5es p\u00f3s-operat\u00f3rias, que consistem em seguir as recomenda\u00e7\u00f5es do cirurgi\u00e3o em Vaud, que lhe dir\u00e1 como cuidar dos seus seios, como se vestir, como se lavar, como dormir e como retomar gradualmente as suas actividades. Aconselhar\u00e1 tamb\u00e9m a evitar o tabaco, o \u00e1lcool, o sol, as fontes de calor, o esfor\u00e7o f\u00edsico intenso e o contacto sexual durante o per\u00edodo de cicatriza\u00e7\u00e3o.<\/li>\n<\/ul>\n<p>&nbsp;<\/p>\n<ul>\n<li>As massagens e os cremes podem ajudar a suavizar as cicatrizes, a reduzir a tens\u00e3o e a melhorar o aspeto dos seios. O cirurgi\u00e3o aconselha-o sobre os produtos e as t\u00e9cnicas a utilizar, em fun\u00e7\u00e3o do seu caso.<\/li>\n<\/ul>\n<p>&nbsp;<\/p>\n<h2>Quais s\u00e3o os resultados de uma mamoplastia de redu\u00e7\u00e3o no Cant\u00e3o de Vaud?<\/h2>\n<p>Os resultados de uma mamoplastia de redu\u00e7\u00e3o no cant\u00e3o de Vaud s\u00e3o apreci\u00e1veis a partir do final da opera\u00e7\u00e3o, mas melhoram com o tempo, \u00e0 medida que os seios se remodelam, as cicatrizes desaparecem e o edema diminui. S\u00e3o necess\u00e1rios entre seis e doze meses para ver o resultado final, que ser\u00e1 natural e harmonioso, de acordo com a sua morfologia e os seus desejos.<\/p>\n<p>&nbsp;<\/p>\n<p>Os resultados s\u00e3o igualmente duradouros, uma vez que as c\u00e9lulas adiposas eliminadas n\u00e3o se regeneram. No entanto, \u00e9 importante lembrar que os seios continuam a estar sujeitos a varia\u00e7\u00f5es de peso, flutua\u00e7\u00f5es hormonais e envelhecimento, que podem alterar a sua forma e volume. Por conseguinte, \u00e9 importante manter um estilo de vida saud\u00e1vel, com uma dieta equilibrada e exerc\u00edcio f\u00edsico regular, para preservar o resultado durante o m\u00e1ximo de tempo poss\u00edvel.<\/p>\n<p>&nbsp;<\/p>\n<h2>Quais s\u00e3o os riscos e as complica\u00e7\u00f5es poss\u00edveis ap\u00f3s uma mamoplastia de redu\u00e7\u00e3o no Cant\u00e3o de Vaud?<\/h2>\n<p>&nbsp;<\/p>\n<p>A cirurgia de redu\u00e7\u00e3o do peito no cant\u00e3o de Vaud \u00e9 um procedimento seguro e controlado, com uma baixa taxa de complica\u00e7\u00f5es, desde que seja efectuada por um cirurgi\u00e3o qualificado e experiente, como o cirurgi\u00e3o, e que seja seguida de um acompanhamento m\u00e9dico rigoroso e do cumprimento das instru\u00e7\u00f5es p\u00f3s-operat\u00f3rias.<\/p>\n<p>&nbsp;<\/p>\n<p>No entanto, como qualquer interven\u00e7\u00e3o cir\u00fargica, a mamoplastia de redu\u00e7\u00e3o n\u00e3o est\u00e1 isenta de riscos, que s\u00e3o raros mas poss\u00edveis. Estes riscos incluem<\/p>\n<p>&nbsp;<\/p>\n<ul>\n<li>Riscos associados \u00e0 anestesia, como reac\u00e7\u00f5es al\u00e9rgicas, problemas card\u00edacos ou complica\u00e7\u00f5es respirat\u00f3rias. Estes riscos s\u00e3o evitados atrav\u00e9s de um controlo pr\u00e9-operat\u00f3rio completo e de um acompanhamento constante durante e ap\u00f3s a opera\u00e7\u00e3o.<\/li>\n<\/ul>\n<p>&nbsp;<\/p>\n<ul>\n<li>Os riscos associados \u00e0 cirurgia, como hemorragias, hematomas, infec\u00e7\u00f5es, necrose, flebite, embolias ou les\u00f5es nervosas. Estes riscos s\u00e3o minimizados por uma t\u00e9cnica cir\u00fargica rigorosa, uma assepsia estrita, uma profilaxia anticoagulante e um tratamento r\u00e1pido em caso de sinais anormais.<\/li>\n<\/ul>\n<p>&nbsp;<\/p>\n<ul>\n<li>Riscos associados \u00e0 forma\u00e7\u00e3o de cicatrizes, como cicatrizes hipertr\u00f3ficas, quel\u00f3ides, cicatrizes inest\u00e9ticas ou assimetrias. Estes riscos s\u00e3o reduzidos atrav\u00e9s da utiliza\u00e7\u00e3o de suturas finas e discretas, de massagens e cremes cicatrizantes e, eventualmente, de uma cirurgia de retoque, se necess\u00e1rio.<\/li>\n<\/ul>\n<p>&nbsp;<\/p>\n<ul>\n<li>Riscos relacionados com a sensibilidade, como a redu\u00e7\u00e3o ou perda de sensibilidade dos mamilos ou das ar\u00e9olas, ou altera\u00e7\u00f5es da erogenicidade dos seios. Na maioria dos casos, estes riscos s\u00e3o tempor\u00e1rios e melhoram com o tempo, \u00e0 medida que os nervos se regeneram.<\/li>\n<\/ul>\n<p>&nbsp;<\/p>\n<p>&nbsp;<\/p>\n<p>&nbsp;<\/p>\n<p>Se deseja fazer uma mamoplastia de redu\u00e7\u00e3o no cant\u00e3o de Vaud, n\u00e3o hesite em contactar os nossos especialistas, que ter\u00e3o todo o prazer em receb\u00ea-la e dar-lhe um or\u00e7amento personalizado. Garantem-lhe os melhores resultados, com uma rela\u00e7\u00e3o qualidade-pre\u00e7o imbat\u00edvel.<\/p>\n<p>&nbsp;<\/p>\n<p>&nbsp;<\/p>\n<h2>Testemunhos de pacientes que foram submetidas a uma cirurgia de redu\u00e7\u00e3o do peito<\/h2>\n<p>Estes testemunhos reflectem a satisfa\u00e7\u00e3o das pacientes que optaram pela mamoplastia de redu\u00e7\u00e3o com o nosso cirurgi\u00e3o em Vaud, real\u00e7ando os resultados est\u00e9ticos positivos e os benef\u00edcios terap\u00eauticos significativos deste procedimento.<\/p>\n<h3>Testemunho 1: Marie, 32 anos, Lausanne<\/h3>\n<p>&nbsp;<\/p>\n<p>&#8220;A redu\u00e7\u00e3o dos seios com o cirurgi\u00e3o da cl\u00ednica Medespoir em Vaud mudou a minha vida. Durante anos, os meus seios demasiado grandes causavam-me dores nas costas e afectavam a minha autoestima. Ap\u00f3s uma consulta detalhada, o cirurgi\u00e3o de Vaud explicou-me a opera\u00e7\u00e3o, respondendo a todas as minhas perguntas e preocupa\u00e7\u00f5es. A opera\u00e7\u00e3o decorreu sem problemas e acordei imediatamente aliviada. As semanas seguintes, com os cuidados p\u00f3s-operat\u00f3rios atentos do cirurgi\u00e3o de Vaud, foram cruciais para a minha recupera\u00e7\u00e3o. Os meus seios est\u00e3o agora mais pequenos, mais firmes e sinto-me finalmente bem comigo pr\u00f3pria. Obrigada, Cirurgi\u00e3o de Vaud, por esta incr\u00edvel transforma\u00e7\u00e3o&#8221;.<\/p>\n<p>&nbsp;<\/p>\n<h3>Testemunho 2: Sophie, 28 anos, Genebra<\/h3>\n<p>&nbsp;<\/p>\n<p>&#8220;A decis\u00e3o de fazer uma redu\u00e7\u00e3o mam\u00e1ria com o cirurgi\u00e3o da cl\u00ednica Medespoir em Vaud foi uma das melhores que tomei para a minha sa\u00fade e bem-estar. Os meus seios demasiado desenvolvidos causavam-me dores permanentes e eu sofria de problemas de postura. O cirurgi\u00e3o de Vaud foi muito profissional e compreensivo durante todo o processo. Dedicou algum tempo a discutir as minhas expectativas, a tranquilizar-me quanto \u00e0 amamenta\u00e7\u00e3o futura e a adaptar a opera\u00e7\u00e3o \u00e0s minhas necessidades. O per\u00edodo de recupera\u00e7\u00e3o foi mais f\u00e1cil do que o esperado e estou muito satisfeita com os resultados. Os meus seios est\u00e3o agora em harmonia com o meu corpo e sinto-me revigorada.&#8221;<\/p>\n<p>&nbsp;<\/p>\n<h3>Testemunho 3: Laura, 35 anos, Neuch\u00e2tel<\/h3>\n<p>&nbsp;<\/p>\n<p>&#8220;A mamoplastia de redu\u00e7\u00e3o com o cirurgi\u00e3o da cl\u00ednica Medespoir de Vaud transformou a minha vida de uma forma inesperada e positiva. Depois de anos de desconforto f\u00edsico e emocional devido ao tamanho dos meus seios, decidi arriscar. O cirurgi\u00e3o de Vaud acompanhou-me com empatia e profissionalismo durante todo o processo. A opera\u00e7\u00e3o correu bem e os cuidados p\u00f3s-operat\u00f3rios foram essenciais para uma recupera\u00e7\u00e3o sem complica\u00e7\u00f5es. Os meus seios s\u00e3o agora mais proporcionais \u00e0 minha figura e sinto-me mais leve f\u00edsica e emocionalmente. Recomendo com toda a confian\u00e7a o Cirurgi\u00e3o de Vaud e a sua equipa a qualquer pessoa que pretenda fazer uma redu\u00e7\u00e3o mam\u00e1ria.&#8221;<\/p>\n<p>&nbsp;<\/p>\n<p>&nbsp;<\/p>\n","protected":false},"excerpt":{"rendered":"<p>&nbsp; &nbsp; A mamoplastia de redu\u00e7\u00e3o \u00e9 um procedimento de cirurgia est\u00e9tica destinado a reduzir o volume e o peso dos seios atrav\u00e9s da remo\u00e7\u00e3o do excesso de gordura, tecido glandular e pele. Pode ser por raz\u00f5es est\u00e9ticas, para harmonizar a figura e melhorar o aspeto dos seios, ou por raz\u00f5es terap\u00eauticas, para aliviar os sintomas associados \u00e0 hipertrofia mam\u00e1ria, ou seja, ao desenvolvimento excessivo dos seios. A redu\u00e7\u00e3o mam\u00e1ria tem um duplo objetivo: embelezar e curar. &nbsp; A redu\u00e7\u00e3o&#8230;<\/p>\n<p class=\"read-more\"><a class=\"btn btn-default\" href=\"https:\/\/www.medespoir.ch\/blog\/pt-pt\/reducao-mamaria-em-vaud-um-procedimento-estetico-e-terapeutico\/\"> Read More<span class=\"screen-reader-text\">  Read More<\/span><\/a><\/p>\n","protected":false},"author":2,"featured_media":5591,"comment_status":"closed","ping_status":"closed","sticky":false,"template":"","format":"standard","meta":{"footnotes":""},"categories":[112],"tags":[],"class_list":["post-5764","post","type-post","status-publish","format-standard","has-post-thumbnail","hentry","category-sem-categoria"],"yoast_head":"<!-- This site is optimized with the Yoast SEO plugin v27.5 - https:\/\/yoast.com\/product\/yoast-seo-wordpress\/ -->\n<title>redu\u00e7\u00e3o mam\u00e1ria Vaud: procedimento est\u00e9tico e terap\u00eautico<\/title>\n<meta name=\"description\" content=\"mamoplastia de redu\u00e7\u00e3o Vaud : procedimento est\u00e9tico e terap\u00eautico para tratar os seios hipertr\u00f3ficos em Vaud or\u00e7amento gratuito sem compromisso\" \/>\n<meta name=\"robots\" content=\"index, follow, max-snippet:-1, max-image-preview:large, max-video-preview:-1\" \/>\n<link rel=\"canonical\" href=\"https:\/\/www.medespoir.ch\/blog\/pt-pt\/reducao-mamaria-em-vaud-um-procedimento-estetico-e-terapeutico\/\" \/>\n<meta property=\"og:locale\" content=\"pt_PT\" \/>\n<meta property=\"og:type\" content=\"article\" \/>\n<meta property=\"og:title\" content=\"redu\u00e7\u00e3o mam\u00e1ria Vaud: procedimento est\u00e9tico e terap\u00eautico\" \/>\n<meta property=\"og:description\" content=\"mamoplastia de redu\u00e7\u00e3o Vaud : procedimento est\u00e9tico e terap\u00eautico para tratar os seios hipertr\u00f3ficos em Vaud or\u00e7amento gratuito sem compromisso\" \/>\n<meta property=\"og:url\" content=\"https:\/\/www.medespoir.ch\/blog\/pt-pt\/reducao-mamaria-em-vaud-um-procedimento-estetico-e-terapeutico\/\" \/>\n<meta property=\"og:site_name\" content=\"Actualit\u00e9s\" \/>\n<meta property=\"article:published_time\" content=\"2024-01-11T11:24:50+00:00\" \/>\n<meta property=\"og:image\" content=\"https:\/\/www.medespoir.ch\/blog\/wp-content\/uploads\/2024\/01\/reduction-seins.jpg\" \/>\n\t<meta property=\"og:image:width\" content=\"1200\" \/>\n\t<meta property=\"og:image:height\" content=\"900\" \/>\n\t<meta property=\"og:image:type\" content=\"image\/jpeg\" \/>\n<meta name=\"author\" content=\"Medespoir\" \/>\n<meta name=\"twitter:card\" content=\"summary_large_image\" \/>\n<meta name=\"twitter:label1\" content=\"Escrito por\" \/>\n\t<meta name=\"twitter:data1\" content=\"Medespoir\" \/>\n\t<meta name=\"twitter:label2\" content=\"Tempo estimado de leitura\" \/>\n\t<meta name=\"twitter:data2\" content=\"14 minutos\" \/>\n<script type=\"application\/ld+json\" class=\"yoast-schema-graph\">{\"@context\":\"https:\\\/\\\/schema.org\",\"@graph\":[{\"@type\":\"Article\",\"@id\":\"https:\\\/\\\/www.medespoir.ch\\\/blog\\\/pt-pt\\\/reducao-mamaria-em-vaud-um-procedimento-estetico-e-terapeutico\\\/#article\",\"isPartOf\":{\"@id\":\"https:\\\/\\\/www.medespoir.ch\\\/blog\\\/pt-pt\\\/reducao-mamaria-em-vaud-um-procedimento-estetico-e-terapeutico\\\/\"},\"author\":{\"name\":\"Medespoir\",\"@id\":\"https:\\\/\\\/www.medespoir.ch\\\/blog\\\/pt-pt\\\/#\\\/schema\\\/person\\\/f3137c0efad7e01f4f09954e4fe5fcaf\"},\"headline\":\"Redu\u00e7\u00e3o mam\u00e1ria em Vaud: um procedimento est\u00e9tico e terap\u00eautico\",\"datePublished\":\"2024-01-11T11:24:50+00:00\",\"mainEntityOfPage\":{\"@id\":\"https:\\\/\\\/www.medespoir.ch\\\/blog\\\/pt-pt\\\/reducao-mamaria-em-vaud-um-procedimento-estetico-e-terapeutico\\\/\"},\"wordCount\":2803,\"image\":{\"@id\":\"https:\\\/\\\/www.medespoir.ch\\\/blog\\\/pt-pt\\\/reducao-mamaria-em-vaud-um-procedimento-estetico-e-terapeutico\\\/#primaryimage\"},\"thumbnailUrl\":\"https:\\\/\\\/www.medespoir.ch\\\/blog\\\/wp-content\\\/uploads\\\/2024\\\/01\\\/reduction-seins.jpg\",\"inLanguage\":\"pt-PT\"},{\"@type\":\"WebPage\",\"@id\":\"https:\\\/\\\/www.medespoir.ch\\\/blog\\\/pt-pt\\\/reducao-mamaria-em-vaud-um-procedimento-estetico-e-terapeutico\\\/\",\"url\":\"https:\\\/\\\/www.medespoir.ch\\\/blog\\\/pt-pt\\\/reducao-mamaria-em-vaud-um-procedimento-estetico-e-terapeutico\\\/\",\"name\":\"redu\u00e7\u00e3o mam\u00e1ria Vaud: procedimento est\u00e9tico e terap\u00eautico\",\"isPartOf\":{\"@id\":\"https:\\\/\\\/www.medespoir.ch\\\/blog\\\/pt-pt\\\/#website\"},\"primaryImageOfPage\":{\"@id\":\"https:\\\/\\\/www.medespoir.ch\\\/blog\\\/pt-pt\\\/reducao-mamaria-em-vaud-um-procedimento-estetico-e-terapeutico\\\/#primaryimage\"},\"image\":{\"@id\":\"https:\\\/\\\/www.medespoir.ch\\\/blog\\\/pt-pt\\\/reducao-mamaria-em-vaud-um-procedimento-estetico-e-terapeutico\\\/#primaryimage\"},\"thumbnailUrl\":\"https:\\\/\\\/www.medespoir.ch\\\/blog\\\/wp-content\\\/uploads\\\/2024\\\/01\\\/reduction-seins.jpg\",\"datePublished\":\"2024-01-11T11:24:50+00:00\",\"author\":{\"@id\":\"https:\\\/\\\/www.medespoir.ch\\\/blog\\\/pt-pt\\\/#\\\/schema\\\/person\\\/f3137c0efad7e01f4f09954e4fe5fcaf\"},\"description\":\"mamoplastia de redu\u00e7\u00e3o Vaud : procedimento est\u00e9tico e terap\u00eautico para tratar os seios hipertr\u00f3ficos em Vaud or\u00e7amento gratuito sem compromisso\",\"breadcrumb\":{\"@id\":\"https:\\\/\\\/www.medespoir.ch\\\/blog\\\/pt-pt\\\/reducao-mamaria-em-vaud-um-procedimento-estetico-e-terapeutico\\\/#breadcrumb\"},\"inLanguage\":\"pt-PT\",\"potentialAction\":[{\"@type\":\"ReadAction\",\"target\":[\"https:\\\/\\\/www.medespoir.ch\\\/blog\\\/pt-pt\\\/reducao-mamaria-em-vaud-um-procedimento-estetico-e-terapeutico\\\/\"]}]},{\"@type\":\"ImageObject\",\"inLanguage\":\"pt-PT\",\"@id\":\"https:\\\/\\\/www.medespoir.ch\\\/blog\\\/pt-pt\\\/reducao-mamaria-em-vaud-um-procedimento-estetico-e-terapeutico\\\/#primaryimage\",\"url\":\"https:\\\/\\\/www.medespoir.ch\\\/blog\\\/wp-content\\\/uploads\\\/2024\\\/01\\\/reduction-seins.jpg\",\"contentUrl\":\"https:\\\/\\\/www.medespoir.ch\\\/blog\\\/wp-content\\\/uploads\\\/2024\\\/01\\\/reduction-seins.jpg\",\"width\":1200,\"height\":900},{\"@type\":\"BreadcrumbList\",\"@id\":\"https:\\\/\\\/www.medespoir.ch\\\/blog\\\/pt-pt\\\/reducao-mamaria-em-vaud-um-procedimento-estetico-e-terapeutico\\\/#breadcrumb\",\"itemListElement\":[{\"@type\":\"ListItem\",\"position\":1,\"name\":\"Accueil\",\"item\":\"https:\\\/\\\/www.medespoir.ch\\\/blog\\\/pt-pt\\\/\"},{\"@type\":\"ListItem\",\"position\":2,\"name\":\"Redu\u00e7\u00e3o mam\u00e1ria em Vaud: um procedimento est\u00e9tico e terap\u00eautico\"}]},{\"@type\":\"WebSite\",\"@id\":\"https:\\\/\\\/www.medespoir.ch\\\/blog\\\/pt-pt\\\/#website\",\"url\":\"https:\\\/\\\/www.medespoir.ch\\\/blog\\\/pt-pt\\\/\",\"name\":\"Actualit\u00e9s\",\"description\":\"tout ce qui est en rapport avec la chirurgie esth\u00e9tique\",\"potentialAction\":[{\"@type\":\"SearchAction\",\"target\":{\"@type\":\"EntryPoint\",\"urlTemplate\":\"https:\\\/\\\/www.medespoir.ch\\\/blog\\\/pt-pt\\\/?s={search_term_string}\"},\"query-input\":{\"@type\":\"PropertyValueSpecification\",\"valueRequired\":true,\"valueName\":\"search_term_string\"}}],\"inLanguage\":\"pt-PT\"},{\"@type\":\"Person\",\"@id\":\"https:\\\/\\\/www.medespoir.ch\\\/blog\\\/pt-pt\\\/#\\\/schema\\\/person\\\/f3137c0efad7e01f4f09954e4fe5fcaf\",\"name\":\"Medespoir\",\"image\":{\"@type\":\"ImageObject\",\"inLanguage\":\"pt-PT\",\"@id\":\"https:\\\/\\\/secure.gravatar.com\\\/avatar\\\/2749d49026cb64198c0ffdb8c6cf892efeb307abed9491ae51e487581fb6383b?s=96&d=mm&r=g\",\"url\":\"https:\\\/\\\/secure.gravatar.com\\\/avatar\\\/2749d49026cb64198c0ffdb8c6cf892efeb307abed9491ae51e487581fb6383b?s=96&d=mm&r=g\",\"contentUrl\":\"https:\\\/\\\/secure.gravatar.com\\\/avatar\\\/2749d49026cb64198c0ffdb8c6cf892efeb307abed9491ae51e487581fb6383b?s=96&d=mm&r=g\",\"caption\":\"Medespoir\"},\"url\":\"https:\\\/\\\/www.medespoir.ch\\\/blog\\\/pt-pt\\\/author\\\/medespoir\\\/\"}]}<\/script>\n<!-- \/ Yoast SEO plugin. -->","yoast_head_json":{"title":"redu\u00e7\u00e3o mam\u00e1ria Vaud: procedimento est\u00e9tico e terap\u00eautico","description":"mamoplastia de redu\u00e7\u00e3o Vaud : procedimento est\u00e9tico e terap\u00eautico para tratar os seios hipertr\u00f3ficos em Vaud or\u00e7amento gratuito sem compromisso","robots":{"index":"index","follow":"follow","max-snippet":"max-snippet:-1","max-image-preview":"max-image-preview:large","max-video-preview":"max-video-preview:-1"},"canonical":"https:\/\/www.medespoir.ch\/blog\/pt-pt\/reducao-mamaria-em-vaud-um-procedimento-estetico-e-terapeutico\/","og_locale":"pt_PT","og_type":"article","og_title":"redu\u00e7\u00e3o mam\u00e1ria Vaud: procedimento est\u00e9tico e terap\u00eautico","og_description":"mamoplastia de redu\u00e7\u00e3o Vaud : procedimento est\u00e9tico e terap\u00eautico para tratar os seios hipertr\u00f3ficos em Vaud or\u00e7amento gratuito sem compromisso","og_url":"https:\/\/www.medespoir.ch\/blog\/pt-pt\/reducao-mamaria-em-vaud-um-procedimento-estetico-e-terapeutico\/","og_site_name":"Actualit\u00e9s","article_published_time":"2024-01-11T11:24:50+00:00","og_image":[{"width":1200,"height":900,"url":"https:\/\/www.medespoir.ch\/blog\/wp-content\/uploads\/2024\/01\/reduction-seins.jpg","type":"image\/jpeg"}],"author":"Medespoir","twitter_card":"summary_large_image","twitter_misc":{"Escrito por":"Medespoir","Tempo estimado de leitura":"14 minutos"},"schema":{"@context":"https:\/\/schema.org","@graph":[{"@type":"Article","@id":"https:\/\/www.medespoir.ch\/blog\/pt-pt\/reducao-mamaria-em-vaud-um-procedimento-estetico-e-terapeutico\/#article","isPartOf":{"@id":"https:\/\/www.medespoir.ch\/blog\/pt-pt\/reducao-mamaria-em-vaud-um-procedimento-estetico-e-terapeutico\/"},"author":{"name":"Medespoir","@id":"https:\/\/www.medespoir.ch\/blog\/pt-pt\/#\/schema\/person\/f3137c0efad7e01f4f09954e4fe5fcaf"},"headline":"Redu\u00e7\u00e3o mam\u00e1ria em Vaud: um procedimento est\u00e9tico e terap\u00eautico","datePublished":"2024-01-11T11:24:50+00:00","mainEntityOfPage":{"@id":"https:\/\/www.medespoir.ch\/blog\/pt-pt\/reducao-mamaria-em-vaud-um-procedimento-estetico-e-terapeutico\/"},"wordCount":2803,"image":{"@id":"https:\/\/www.medespoir.ch\/blog\/pt-pt\/reducao-mamaria-em-vaud-um-procedimento-estetico-e-terapeutico\/#primaryimage"},"thumbnailUrl":"https:\/\/www.medespoir.ch\/blog\/wp-content\/uploads\/2024\/01\/reduction-seins.jpg","inLanguage":"pt-PT"},{"@type":"WebPage","@id":"https:\/\/www.medespoir.ch\/blog\/pt-pt\/reducao-mamaria-em-vaud-um-procedimento-estetico-e-terapeutico\/","url":"https:\/\/www.medespoir.ch\/blog\/pt-pt\/reducao-mamaria-em-vaud-um-procedimento-estetico-e-terapeutico\/","name":"redu\u00e7\u00e3o mam\u00e1ria Vaud: procedimento est\u00e9tico e terap\u00eautico","isPartOf":{"@id":"https:\/\/www.medespoir.ch\/blog\/pt-pt\/#website"},"primaryImageOfPage":{"@id":"https:\/\/www.medespoir.ch\/blog\/pt-pt\/reducao-mamaria-em-vaud-um-procedimento-estetico-e-terapeutico\/#primaryimage"},"image":{"@id":"https:\/\/www.medespoir.ch\/blog\/pt-pt\/reducao-mamaria-em-vaud-um-procedimento-estetico-e-terapeutico\/#primaryimage"},"thumbnailUrl":"https:\/\/www.medespoir.ch\/blog\/wp-content\/uploads\/2024\/01\/reduction-seins.jpg","datePublished":"2024-01-11T11:24:50+00:00","author":{"@id":"https:\/\/www.medespoir.ch\/blog\/pt-pt\/#\/schema\/person\/f3137c0efad7e01f4f09954e4fe5fcaf"},"description":"mamoplastia de redu\u00e7\u00e3o Vaud : procedimento est\u00e9tico e terap\u00eautico para tratar os seios hipertr\u00f3ficos em Vaud or\u00e7amento gratuito sem compromisso","breadcrumb":{"@id":"https:\/\/www.medespoir.ch\/blog\/pt-pt\/reducao-mamaria-em-vaud-um-procedimento-estetico-e-terapeutico\/#breadcrumb"},"inLanguage":"pt-PT","potentialAction":[{"@type":"ReadAction","target":["https:\/\/www.medespoir.ch\/blog\/pt-pt\/reducao-mamaria-em-vaud-um-procedimento-estetico-e-terapeutico\/"]}]},{"@type":"ImageObject","inLanguage":"pt-PT","@id":"https:\/\/www.medespoir.ch\/blog\/pt-pt\/reducao-mamaria-em-vaud-um-procedimento-estetico-e-terapeutico\/#primaryimage","url":"https:\/\/www.medespoir.ch\/blog\/wp-content\/uploads\/2024\/01\/reduction-seins.jpg","contentUrl":"https:\/\/www.medespoir.ch\/blog\/wp-content\/uploads\/2024\/01\/reduction-seins.jpg","width":1200,"height":900},{"@type":"BreadcrumbList","@id":"https:\/\/www.medespoir.ch\/blog\/pt-pt\/reducao-mamaria-em-vaud-um-procedimento-estetico-e-terapeutico\/#breadcrumb","itemListElement":[{"@type":"ListItem","position":1,"name":"Accueil","item":"https:\/\/www.medespoir.ch\/blog\/pt-pt\/"},{"@type":"ListItem","position":2,"name":"Redu\u00e7\u00e3o mam\u00e1ria em Vaud: um procedimento est\u00e9tico e terap\u00eautico"}]},{"@type":"WebSite","@id":"https:\/\/www.medespoir.ch\/blog\/pt-pt\/#website","url":"https:\/\/www.medespoir.ch\/blog\/pt-pt\/","name":"Actualit\u00e9s","description":"tout ce qui est en rapport avec la chirurgie esth\u00e9tique","potentialAction":[{"@type":"SearchAction","target":{"@type":"EntryPoint","urlTemplate":"https:\/\/www.medespoir.ch\/blog\/pt-pt\/?s={search_term_string}"},"query-input":{"@type":"PropertyValueSpecification","valueRequired":true,"valueName":"search_term_string"}}],"inLanguage":"pt-PT"},{"@type":"Person","@id":"https:\/\/www.medespoir.ch\/blog\/pt-pt\/#\/schema\/person\/f3137c0efad7e01f4f09954e4fe5fcaf","name":"Medespoir","image":{"@type":"ImageObject","inLanguage":"pt-PT","@id":"https:\/\/secure.gravatar.com\/avatar\/2749d49026cb64198c0ffdb8c6cf892efeb307abed9491ae51e487581fb6383b?s=96&d=mm&r=g","url":"https:\/\/secure.gravatar.com\/avatar\/2749d49026cb64198c0ffdb8c6cf892efeb307abed9491ae51e487581fb6383b?s=96&d=mm&r=g","contentUrl":"https:\/\/secure.gravatar.com\/avatar\/2749d49026cb64198c0ffdb8c6cf892efeb307abed9491ae51e487581fb6383b?s=96&d=mm&r=g","caption":"Medespoir"},"url":"https:\/\/www.medespoir.ch\/blog\/pt-pt\/author\/medespoir\/"}]}},"_links":{"self":[{"href":"https:\/\/www.medespoir.ch\/blog\/pt-pt\/wp-json\/wp\/v2\/posts\/5764","targetHints":{"allow":["GET"]}}],"collection":[{"href":"https:\/\/www.medespoir.ch\/blog\/pt-pt\/wp-json\/wp\/v2\/posts"}],"about":[{"href":"https:\/\/www.medespoir.ch\/blog\/pt-pt\/wp-json\/wp\/v2\/types\/post"}],"author":[{"embeddable":true,"href":"https:\/\/www.medespoir.ch\/blog\/pt-pt\/wp-json\/wp\/v2\/users\/2"}],"replies":[{"embeddable":true,"href":"https:\/\/www.medespoir.ch\/blog\/pt-pt\/wp-json\/wp\/v2\/comments?post=5764"}],"version-history":[{"count":0,"href":"https:\/\/www.medespoir.ch\/blog\/pt-pt\/wp-json\/wp\/v2\/posts\/5764\/revisions"}],"wp:featuredmedia":[{"embeddable":true,"href":"https:\/\/www.medespoir.ch\/blog\/pt-pt\/wp-json\/wp\/v2\/media\/5591"}],"wp:attachment":[{"href":"https:\/\/www.medespoir.ch\/blog\/pt-pt\/wp-json\/wp\/v2\/media?parent=5764"}],"wp:term":[{"taxonomy":"category","embeddable":true,"href":"https:\/\/www.medespoir.ch\/blog\/pt-pt\/wp-json\/wp\/v2\/categories?post=5764"},{"taxonomy":"post_tag","embeddable":true,"href":"https:\/\/www.medespoir.ch\/blog\/pt-pt\/wp-json\/wp\/v2\/tags?post=5764"}],"curies":[{"name":"wp","href":"https:\/\/api.w.org\/{rel}","templated":true}]}}