{"id":1258,"date":"2020-02-17T12:44:04","date_gmt":"2020-02-17T11:44:04","guid":{"rendered":"http:\/\/www.medespoir.ch\/blog\/?p=1258"},"modified":"2021-03-18T09:55:51","modified_gmt":"2021-03-18T08:55:51","slug":"importance-vitamine-d3-cheveux","status":"publish","type":"post","link":"https:\/\/www.medespoir.ch\/blog\/importance-vitamine-d3-cheveux\/","title":{"rendered":"Importance de la Vitamine D3 apr\u00e8s une greffe des cheveux"},"content":{"rendered":"<p>La vitamine D3 est un \u00e9l\u00e9ment nutritif essentiel dans de nombreuses fonctions de l&rsquo;organisme. Une carence en vitamine D peut provoquer plusieurs anomalies, comme la chute des cheveux. Et c\u2019est pour cette raison, qu\u2019\u00e0 chaque greffe des cheveux (quelle que soit la technique : FUT, DHI ou FUE), le chirurgien esth\u00e9tique prescrit un traitement m\u00e9dicamenteux \u00e0 base de cette vitamine. Cap sur la relation entre la pose d\u2019implants capillaires et la vitamine D3.<\/p>\n<h2>La vitamine D3 : c\u2019est quoi et d\u2019o\u00f9 vient-elle ?<\/h2>\n<p>Avant toute chose, il faut savoir comment la vitamine D3 est assimil\u00e9e dans le corps humain. Lorsque l\u2019organisme est expos\u00e9 au soleil, il absorbe de la vitamine D3 \u00e0 partir des tissus dermiques. Toutefois, le corps peut produire cette mol\u00e9cule d\u2019une fa\u00e7on autonome en synth\u00e9tisant les rayons du soleil.<\/p>\n<p>Ces composants protidiques s\u2019acheminent dans les vaisseaux sanguins pour arriver aux os, aux reins et au foie pour \u00eatre stock\u00e9s.<br \/>\nPour obtenir suffisamment de vitamine D3, les professionnels de sant\u00e9 et les chercheurs affirment qu&rsquo;il suffirait de s\u2019exposer pendant au moins 30 minutes par jour, sous la lumi\u00e8re directe du soleil pour avoir le taux n\u00e9cessaire au bon fonctionnement de l\u2019organisme.<\/p>\n<h2>Action de la vitamine D3 sur les greffons capillaires ?<\/h2>\n<p>Les cellules cutan\u00e9es productrices de cheveux et les papilles dermiques deviennent plus actives gr\u00e2ce \u00e0 la vitamine D3. Cette mol\u00e9cule a un effet r\u00e9gulateur sur le facteur de croissance b\u00eata-transformant et le phosphate alcalin, deux substances stimulatrices des bulbes capillaires. Ainsi, le manque de follicules pileux (minimisation) diminue rapidement.<\/p>\n<p>De ce fait, \u00e0 la fin de chaque greffe des cheveux, le patient doit administrer une dose bien d\u00e9finie de vitamines D3 pour renforcer les greffons, catalyser la repousse de nouveaux cheveux et pr\u00e9server les racines capillaires naturelles.<\/p>\n<p>La posologie est d\u00e9termin\u00e9e selon le nombre de greffons implant\u00e9s et en fonction du m\u00e9tabolisme du patient.<\/p>\n<h2>La vitamine D3, peut-elle r\u00e9g\u00e9n\u00e9rer les cheveux ?<\/h2>\n<p>La vitamine D3 est b\u00e9n\u00e9fique pour renforcer les cheveux d\u00e9j\u00e0 pr\u00e9sents, mais elle ne peut pas agir toute seule contre une calvitie mod\u00e9r\u00e9e ou aigue. Elle peut \u00eatre utilis\u00e9e sous forme de compl\u00e9ments alimentaires apr\u00e8s une greffe capillaire ou associ\u00e9e \u00e0 un traitement esth\u00e9tique comme l\u2019injection de PRP (Plasma Riche en Plaquettes), la m\u00e9soth\u00e9rapie ou encore l\u2019application de lotions antichute.<\/p>\n<p>En d\u2019autres termes, la vitamine D3 doit \u00eatre toujours appliqu\u00e9e comme additif pour donner un r\u00e9sultat satisfait au niveau du cuir chevelu.<\/p>\n","protected":false},"excerpt":{"rendered":"<p>La vitamine D3 est un \u00e9l\u00e9ment nutritif essentiel dans de nombreuses fonctions de l&rsquo;organisme. Une carence en vitamine D peut provoquer plusieurs anomalies, comme la chute des cheveux. Et c\u2019est pour cette raison, qu\u2019\u00e0 chaque greffe des cheveux (quelle que soit la technique : FUT, DHI ou FUE), le chirurgien esth\u00e9tique prescrit un traitement m\u00e9dicamenteux \u00e0 base de cette vitamine. Cap sur la relation entre la pose d\u2019implants capillaires et la vitamine D3. La vitamine D3 : c\u2019est quoi et&#8230;<\/p>\n<p class=\"read-more\"><a class=\"btn btn-default\" href=\"https:\/\/www.medespoir.ch\/blog\/importance-vitamine-d3-cheveux\/\">Lire la suite<span class=\"screen-reader-text\"> Lire la suite<\/span><\/a><\/p>\n","protected":false},"author":1,"featured_media":1261,"comment_status":"closed","ping_status":"closed","sticky":false,"template":"","format":"standard","meta":{"footnotes":""},"categories":[1],"tags":[],"class_list":["post-1258","post","type-post","status-publish","format-standard","has-post-thumbnail","hentry","category-non-classifiee"],"yoast_head":"<!-- This site is optimized with the Yoast SEO plugin v27.5 - https:\/\/yoast.com\/product\/yoast-seo-wordpress\/ -->\n<title>Vitamine D3 et greffe des cheveux : quel role du vitamine<\/title>\n<meta name=\"description\" content=\"Vitamine D3 et greffe des cheveux : Tout savoir sur vitamine D3 et son r\u00f4le de fortification de la pouss\u00e9e pileuse, devis greffe cheveux\" \/>\n<meta name=\"robots\" content=\"index, follow, max-snippet:-1, max-image-preview:large, max-video-preview:-1\" \/>\n<link rel=\"canonical\" href=\"https:\/\/www.medespoir.ch\/blog\/importance-vitamine-d3-cheveux\/\" \/>\n<meta property=\"og:locale\" content=\"fr_FR\" \/>\n<meta property=\"og:type\" content=\"article\" \/>\n<meta property=\"og:title\" content=\"Vitamine D3 et greffe des cheveux : quel role du vitamine\" \/>\n<meta property=\"og:description\" content=\"Vitamine D3 et greffe des cheveux : Tout savoir sur vitamine D3 et son r\u00f4le de fortification de la pouss\u00e9e pileuse, devis greffe cheveux\" \/>\n<meta property=\"og:url\" content=\"https:\/\/www.medespoir.ch\/blog\/importance-vitamine-d3-cheveux\/\" \/>\n<meta property=\"og:site_name\" content=\"Actualit\u00e9s\" \/>\n<meta property=\"article:published_time\" content=\"2020-02-17T11:44:04+00:00\" \/>\n<meta property=\"article:modified_time\" content=\"2021-03-18T08:55:51+00:00\" \/>\n<meta property=\"og:image\" content=\"https:\/\/www.medespoir.ch\/blog\/wp-content\/uploads\/2020\/02\/perte-cheveux-vitamines.jpg\" \/>\n\t<meta property=\"og:image:width\" content=\"674\" \/>\n\t<meta property=\"og:image:height\" content=\"426\" \/>\n\t<meta property=\"og:image:type\" content=\"image\/jpeg\" \/>\n<meta name=\"author\" content=\"Espoir\" \/>\n<meta name=\"twitter:card\" content=\"summary_large_image\" \/>\n<meta name=\"twitter:label1\" content=\"\u00c9crit par\" \/>\n\t<meta name=\"twitter:data1\" content=\"Espoir\" \/>\n\t<meta name=\"twitter:label2\" content=\"Dur\u00e9e de lecture estim\u00e9e\" \/>\n\t<meta name=\"twitter:data2\" content=\"2 minutes\" \/>\n<script type=\"application\/ld+json\" class=\"yoast-schema-graph\">{\"@context\":\"https:\\\/\\\/schema.org\",\"@graph\":[{\"@type\":\"Article\",\"@id\":\"https:\\\/\\\/www.medespoir.ch\\\/blog\\\/importance-vitamine-d3-cheveux\\\/#article\",\"isPartOf\":{\"@id\":\"https:\\\/\\\/www.medespoir.ch\\\/blog\\\/importance-vitamine-d3-cheveux\\\/\"},\"author\":{\"name\":\"Espoir\",\"@id\":\"https:\\\/\\\/www.medespoir.ch\\\/blog\\\/#\\\/schema\\\/person\\\/99909ac1fb9e3869cc198b6e24e174d7\"},\"headline\":\"Importance de la Vitamine D3 apr\u00e8s une greffe des cheveux\",\"datePublished\":\"2020-02-17T11:44:04+00:00\",\"dateModified\":\"2021-03-18T08:55:51+00:00\",\"mainEntityOfPage\":{\"@id\":\"https:\\\/\\\/www.medespoir.ch\\\/blog\\\/importance-vitamine-d3-cheveux\\\/\"},\"wordCount\":448,\"image\":{\"@id\":\"https:\\\/\\\/www.medespoir.ch\\\/blog\\\/importance-vitamine-d3-cheveux\\\/#primaryimage\"},\"thumbnailUrl\":\"https:\\\/\\\/www.medespoir.ch\\\/blog\\\/wp-content\\\/uploads\\\/2020\\\/02\\\/perte-cheveux-vitamines.jpg\",\"articleSection\":[\"Non classifi\u00e9(e)\"],\"inLanguage\":\"fr-FR\"},{\"@type\":\"WebPage\",\"@id\":\"https:\\\/\\\/www.medespoir.ch\\\/blog\\\/importance-vitamine-d3-cheveux\\\/\",\"url\":\"https:\\\/\\\/www.medespoir.ch\\\/blog\\\/importance-vitamine-d3-cheveux\\\/\",\"name\":\"Vitamine D3 et greffe des cheveux : quel role du vitamine\",\"isPartOf\":{\"@id\":\"https:\\\/\\\/www.medespoir.ch\\\/blog\\\/#website\"},\"primaryImageOfPage\":{\"@id\":\"https:\\\/\\\/www.medespoir.ch\\\/blog\\\/importance-vitamine-d3-cheveux\\\/#primaryimage\"},\"image\":{\"@id\":\"https:\\\/\\\/www.medespoir.ch\\\/blog\\\/importance-vitamine-d3-cheveux\\\/#primaryimage\"},\"thumbnailUrl\":\"https:\\\/\\\/www.medespoir.ch\\\/blog\\\/wp-content\\\/uploads\\\/2020\\\/02\\\/perte-cheveux-vitamines.jpg\",\"datePublished\":\"2020-02-17T11:44:04+00:00\",\"dateModified\":\"2021-03-18T08:55:51+00:00\",\"author\":{\"@id\":\"https:\\\/\\\/www.medespoir.ch\\\/blog\\\/#\\\/schema\\\/person\\\/99909ac1fb9e3869cc198b6e24e174d7\"},\"description\":\"Vitamine D3 et greffe des cheveux : Tout savoir sur vitamine D3 et son r\u00f4le de fortification de la pouss\u00e9e pileuse, devis greffe cheveux\",\"breadcrumb\":{\"@id\":\"https:\\\/\\\/www.medespoir.ch\\\/blog\\\/importance-vitamine-d3-cheveux\\\/#breadcrumb\"},\"inLanguage\":\"fr-FR\",\"potentialAction\":[{\"@type\":\"ReadAction\",\"target\":[\"https:\\\/\\\/www.medespoir.ch\\\/blog\\\/importance-vitamine-d3-cheveux\\\/\"]}]},{\"@type\":\"ImageObject\",\"inLanguage\":\"fr-FR\",\"@id\":\"https:\\\/\\\/www.medespoir.ch\\\/blog\\\/importance-vitamine-d3-cheveux\\\/#primaryimage\",\"url\":\"https:\\\/\\\/www.medespoir.ch\\\/blog\\\/wp-content\\\/uploads\\\/2020\\\/02\\\/perte-cheveux-vitamines.jpg\",\"contentUrl\":\"https:\\\/\\\/www.medespoir.ch\\\/blog\\\/wp-content\\\/uploads\\\/2020\\\/02\\\/perte-cheveux-vitamines.jpg\",\"width\":674,\"height\":426},{\"@type\":\"BreadcrumbList\",\"@id\":\"https:\\\/\\\/www.medespoir.ch\\\/blog\\\/importance-vitamine-d3-cheveux\\\/#breadcrumb\",\"itemListElement\":[{\"@type\":\"ListItem\",\"position\":1,\"name\":\"Accueil\",\"item\":\"https:\\\/\\\/www.medespoir.ch\\\/blog\\\/\"},{\"@type\":\"ListItem\",\"position\":2,\"name\":\"Importance de la Vitamine D3 apr\u00e8s une greffe des cheveux\"}]},{\"@type\":\"WebSite\",\"@id\":\"https:\\\/\\\/www.medespoir.ch\\\/blog\\\/#website\",\"url\":\"https:\\\/\\\/www.medespoir.ch\\\/blog\\\/\",\"name\":\"Actualit\u00e9s\",\"description\":\"tout ce qui est en rapport avec la chirurgie esth\u00e9tique\",\"potentialAction\":[{\"@type\":\"SearchAction\",\"target\":{\"@type\":\"EntryPoint\",\"urlTemplate\":\"https:\\\/\\\/www.medespoir.ch\\\/blog\\\/?s={search_term_string}\"},\"query-input\":{\"@type\":\"PropertyValueSpecification\",\"valueRequired\":true,\"valueName\":\"search_term_string\"}}],\"inLanguage\":\"fr-FR\"},{\"@type\":\"Person\",\"@id\":\"https:\\\/\\\/www.medespoir.ch\\\/blog\\\/#\\\/schema\\\/person\\\/99909ac1fb9e3869cc198b6e24e174d7\",\"name\":\"Espoir\",\"image\":{\"@type\":\"ImageObject\",\"inLanguage\":\"fr-FR\",\"@id\":\"https:\\\/\\\/secure.gravatar.com\\\/avatar\\\/2348b74ac1faeeba29af66f6ca25e9bce662a7e32d3a5f84df80788ea07d151f?s=96&d=mm&r=g\",\"url\":\"https:\\\/\\\/secure.gravatar.com\\\/avatar\\\/2348b74ac1faeeba29af66f6ca25e9bce662a7e32d3a5f84df80788ea07d151f?s=96&d=mm&r=g\",\"contentUrl\":\"https:\\\/\\\/secure.gravatar.com\\\/avatar\\\/2348b74ac1faeeba29af66f6ca25e9bce662a7e32d3a5f84df80788ea07d151f?s=96&d=mm&r=g\",\"caption\":\"Espoir\"},\"sameAs\":[\"http:\\\/\\\/www.medespoir.ch\"],\"url\":\"https:\\\/\\\/www.medespoir.ch\\\/blog\\\/author\\\/espoir\\\/\"}]}<\/script>\n<!-- \/ Yoast SEO plugin. -->","yoast_head_json":{"title":"Vitamine D3 et greffe des cheveux : quel role du vitamine","description":"Vitamine D3 et greffe des cheveux : Tout savoir sur vitamine D3 et son r\u00f4le de fortification de la pouss\u00e9e pileuse, devis greffe cheveux","robots":{"index":"index","follow":"follow","max-snippet":"max-snippet:-1","max-image-preview":"max-image-preview:large","max-video-preview":"max-video-preview:-1"},"canonical":"https:\/\/www.medespoir.ch\/blog\/importance-vitamine-d3-cheveux\/","og_locale":"fr_FR","og_type":"article","og_title":"Vitamine D3 et greffe des cheveux : quel role du vitamine","og_description":"Vitamine D3 et greffe des cheveux : Tout savoir sur vitamine D3 et son r\u00f4le de fortification de la pouss\u00e9e pileuse, devis greffe cheveux","og_url":"https:\/\/www.medespoir.ch\/blog\/importance-vitamine-d3-cheveux\/","og_site_name":"Actualit\u00e9s","article_published_time":"2020-02-17T11:44:04+00:00","article_modified_time":"2021-03-18T08:55:51+00:00","og_image":[{"width":674,"height":426,"url":"https:\/\/www.medespoir.ch\/blog\/wp-content\/uploads\/2020\/02\/perte-cheveux-vitamines.jpg","type":"image\/jpeg"}],"author":"Espoir","twitter_card":"summary_large_image","twitter_misc":{"\u00c9crit par":"Espoir","Dur\u00e9e de lecture estim\u00e9e":"2 minutes"},"schema":{"@context":"https:\/\/schema.org","@graph":[{"@type":"Article","@id":"https:\/\/www.medespoir.ch\/blog\/importance-vitamine-d3-cheveux\/#article","isPartOf":{"@id":"https:\/\/www.medespoir.ch\/blog\/importance-vitamine-d3-cheveux\/"},"author":{"name":"Espoir","@id":"https:\/\/www.medespoir.ch\/blog\/#\/schema\/person\/99909ac1fb9e3869cc198b6e24e174d7"},"headline":"Importance de la Vitamine D3 apr\u00e8s une greffe des cheveux","datePublished":"2020-02-17T11:44:04+00:00","dateModified":"2021-03-18T08:55:51+00:00","mainEntityOfPage":{"@id":"https:\/\/www.medespoir.ch\/blog\/importance-vitamine-d3-cheveux\/"},"wordCount":448,"image":{"@id":"https:\/\/www.medespoir.ch\/blog\/importance-vitamine-d3-cheveux\/#primaryimage"},"thumbnailUrl":"https:\/\/www.medespoir.ch\/blog\/wp-content\/uploads\/2020\/02\/perte-cheveux-vitamines.jpg","articleSection":["Non classifi\u00e9(e)"],"inLanguage":"fr-FR"},{"@type":"WebPage","@id":"https:\/\/www.medespoir.ch\/blog\/importance-vitamine-d3-cheveux\/","url":"https:\/\/www.medespoir.ch\/blog\/importance-vitamine-d3-cheveux\/","name":"Vitamine D3 et greffe des cheveux : quel role du vitamine","isPartOf":{"@id":"https:\/\/www.medespoir.ch\/blog\/#website"},"primaryImageOfPage":{"@id":"https:\/\/www.medespoir.ch\/blog\/importance-vitamine-d3-cheveux\/#primaryimage"},"image":{"@id":"https:\/\/www.medespoir.ch\/blog\/importance-vitamine-d3-cheveux\/#primaryimage"},"thumbnailUrl":"https:\/\/www.medespoir.ch\/blog\/wp-content\/uploads\/2020\/02\/perte-cheveux-vitamines.jpg","datePublished":"2020-02-17T11:44:04+00:00","dateModified":"2021-03-18T08:55:51+00:00","author":{"@id":"https:\/\/www.medespoir.ch\/blog\/#\/schema\/person\/99909ac1fb9e3869cc198b6e24e174d7"},"description":"Vitamine D3 et greffe des cheveux : Tout savoir sur vitamine D3 et son r\u00f4le de fortification de la pouss\u00e9e pileuse, devis greffe cheveux","breadcrumb":{"@id":"https:\/\/www.medespoir.ch\/blog\/importance-vitamine-d3-cheveux\/#breadcrumb"},"inLanguage":"fr-FR","potentialAction":[{"@type":"ReadAction","target":["https:\/\/www.medespoir.ch\/blog\/importance-vitamine-d3-cheveux\/"]}]},{"@type":"ImageObject","inLanguage":"fr-FR","@id":"https:\/\/www.medespoir.ch\/blog\/importance-vitamine-d3-cheveux\/#primaryimage","url":"https:\/\/www.medespoir.ch\/blog\/wp-content\/uploads\/2020\/02\/perte-cheveux-vitamines.jpg","contentUrl":"https:\/\/www.medespoir.ch\/blog\/wp-content\/uploads\/2020\/02\/perte-cheveux-vitamines.jpg","width":674,"height":426},{"@type":"BreadcrumbList","@id":"https:\/\/www.medespoir.ch\/blog\/importance-vitamine-d3-cheveux\/#breadcrumb","itemListElement":[{"@type":"ListItem","position":1,"name":"Accueil","item":"https:\/\/www.medespoir.ch\/blog\/"},{"@type":"ListItem","position":2,"name":"Importance de la Vitamine D3 apr\u00e8s une greffe des cheveux"}]},{"@type":"WebSite","@id":"https:\/\/www.medespoir.ch\/blog\/#website","url":"https:\/\/www.medespoir.ch\/blog\/","name":"Actualit\u00e9s","description":"tout ce qui est en rapport avec la chirurgie esth\u00e9tique","potentialAction":[{"@type":"SearchAction","target":{"@type":"EntryPoint","urlTemplate":"https:\/\/www.medespoir.ch\/blog\/?s={search_term_string}"},"query-input":{"@type":"PropertyValueSpecification","valueRequired":true,"valueName":"search_term_string"}}],"inLanguage":"fr-FR"},{"@type":"Person","@id":"https:\/\/www.medespoir.ch\/blog\/#\/schema\/person\/99909ac1fb9e3869cc198b6e24e174d7","name":"Espoir","image":{"@type":"ImageObject","inLanguage":"fr-FR","@id":"https:\/\/secure.gravatar.com\/avatar\/2348b74ac1faeeba29af66f6ca25e9bce662a7e32d3a5f84df80788ea07d151f?s=96&d=mm&r=g","url":"https:\/\/secure.gravatar.com\/avatar\/2348b74ac1faeeba29af66f6ca25e9bce662a7e32d3a5f84df80788ea07d151f?s=96&d=mm&r=g","contentUrl":"https:\/\/secure.gravatar.com\/avatar\/2348b74ac1faeeba29af66f6ca25e9bce662a7e32d3a5f84df80788ea07d151f?s=96&d=mm&r=g","caption":"Espoir"},"sameAs":["http:\/\/www.medespoir.ch"],"url":"https:\/\/www.medespoir.ch\/blog\/author\/espoir\/"}]}},"_links":{"self":[{"href":"https:\/\/www.medespoir.ch\/blog\/wp-json\/wp\/v2\/posts\/1258","targetHints":{"allow":["GET"]}}],"collection":[{"href":"https:\/\/www.medespoir.ch\/blog\/wp-json\/wp\/v2\/posts"}],"about":[{"href":"https:\/\/www.medespoir.ch\/blog\/wp-json\/wp\/v2\/types\/post"}],"author":[{"embeddable":true,"href":"https:\/\/www.medespoir.ch\/blog\/wp-json\/wp\/v2\/users\/1"}],"replies":[{"embeddable":true,"href":"https:\/\/www.medespoir.ch\/blog\/wp-json\/wp\/v2\/comments?post=1258"}],"version-history":[{"count":2,"href":"https:\/\/www.medespoir.ch\/blog\/wp-json\/wp\/v2\/posts\/1258\/revisions"}],"predecessor-version":[{"id":1805,"href":"https:\/\/www.medespoir.ch\/blog\/wp-json\/wp\/v2\/posts\/1258\/revisions\/1805"}],"wp:featuredmedia":[{"embeddable":true,"href":"https:\/\/www.medespoir.ch\/blog\/wp-json\/wp\/v2\/media\/1261"}],"wp:attachment":[{"href":"https:\/\/www.medespoir.ch\/blog\/wp-json\/wp\/v2\/media?parent=1258"}],"wp:term":[{"taxonomy":"category","embeddable":true,"href":"https:\/\/www.medespoir.ch\/blog\/wp-json\/wp\/v2\/categories?post=1258"},{"taxonomy":"post_tag","embeddable":true,"href":"https:\/\/www.medespoir.ch\/blog\/wp-json\/wp\/v2\/tags?post=1258"}],"curies":[{"name":"wp","href":"https:\/\/api.w.org\/{rel}","templated":true}]}}