{"id":1355,"date":"2020-06-11T17:09:11","date_gmt":"2020-06-11T15:09:11","guid":{"rendered":"http:\/\/www.medespoir.ch\/blog\/?p=1355"},"modified":"2021-03-18T09:28:41","modified_gmt":"2021-03-18T08:28:41","slug":"recuperer-apres-blessures-faciales","status":"publish","type":"post","link":"https:\/\/www.medespoir.ch\/blog\/recuperer-apres-blessures-faciales\/","title":{"rendered":"Blessures maxillo-faciales : pourquoi les enfants recup\u00e8rent plus vite ?"},"content":{"rendered":"<p>&nbsp;<\/p>\n<p>Les blessures au niveau de la zone maxillo-faciale chez les enfants sont beaucoup plus rares que chez les adultes. Les exceptions sont les morsures d&rsquo;animaux, en particulier avec des gens qui poss\u00e8dent des chiens de garde chez eux.\u00a0Leurs enfants sont expos\u00e9s \u00e0 des risques plus \u00e9lev\u00e9s de blessures.<\/p>\n<p>La fr\u00e9quence et la gravit\u00e9 des blessures durant l&rsquo;enfance sont dues aux particularit\u00e9s de l&rsquo;anatomie des corps enfantins. Leurs peaux plus flexibles et leurs tissus sous-cutan\u00e9s sont tr\u00e8s \u00e9lastiques, par contre la m\u00e2choire et les os du visage sont moins r\u00e9sistants, ce qui pr\u00e9d\u00e9termine un nombre r\u00e9duit de blessures chez les enfants.<\/p>\n<p>D&rsquo;un autre c\u00f4t\u00e9, tout traumatisme qui affecte le corps de l&rsquo;enfant comporte des risques pour la croissance future du dernier. Ceci est extr\u00eamement important surtout pour les blessures des tissus mous. Lorsqu&rsquo;ils sont accident\u00e9s, br\u00fbl\u00e9s, fractur\u00e9s, dents cass\u00e9es, les enfants ont plus de chance \u00e0 reconstruire leur d\u00e9formation faciale. Le suivi du comportement de gu\u00e9rison dans de tels cas est d\u2019une importance cruciale.<\/p>\n<p>Dans le cas de blessures dans la r\u00e9gion maxillo-faciale, la priorit\u00e9 est donn\u00e9e par les m\u00e9decins \u00e0 l\u2019arr\u00eat des h\u00e9morragies surtout pour les blessures des dents et des tissus du visage.<\/p>\n<p>Suite \u00e0 un accident enfantin le m\u00e9decin doit contr\u00f4ler des fonctions prioritaires pour \u00e9viter toute complication et pour performer le processus de reconstruction. Les sympt\u00f4mes sont tr\u00e8s indicatifs, le chirurgien s\u2019en sert pour d\u00e9celer le type de l\u2019accident.<\/p>\n<h2>Traumatismes , fractures et suivi m\u00e9dical<\/h2>\n<p>Les sympt\u00f4mes suivants indiquent un traumatisme cranioc\u00e9r\u00e9bral :<\/p>\n<ul>\n<li>Perte de conscience pendant une certaine dur\u00e9e ;<\/li>\n<li>Amn\u00e9sie r\u00e9tro et \/ ou ant\u00e9rograde ;<\/li>\n<li>Somnolence ;<\/li>\n<li>Mal de cr\u00e2ne ;<\/li>\n<li>Introversion ;<\/li>\n<li>Vertiges ;<\/li>\n<li>Naus\u00e9e et vomissements<\/li>\n<\/ul>\n<p>Chez les enfants, la tendance est \u00e0 vomir m\u00eame en cas de traumatisme cr\u00e2nien l\u00e9ger. Les p\u00e9riodes de croissance du corps de l&rsquo;enfant sont particuli\u00e8rement importantes. De la naissance \u00e0 12 ans, le squelette facial cro\u00eet presque continuellement, mais cette p\u00e9riode est divis\u00e9e en une croissance rapide et une p\u00e9riode lente.<\/p>\n<p>Les 6 premiers mois sont une phase de croissance tr\u00e8s rapide, tandis que dans la phase suivante &#8211; jusqu&rsquo;\u00e0 4 ans, la croissance est relativement lente. Une nouvelle phase de croissance plus rapide s&rsquo;ensuit au cours de la p\u00e9riode de 4 \u00e0 7 ans, suivie d&rsquo;une autre phase de croissance plus lente &#8211; jusqu&rsquo;\u00e0 15 ans. La derni\u00e8re phase de croissance plus intensive des os du squelette facial chez les filles se situe entre 15-17 ans et chez les gar\u00e7ons &#8211; entre 15-19 ans.<\/p>\n<p>&nbsp;<\/p>\n<p>Un gonflement massif des tissus mous est \u00e9galement caract\u00e9ristique des blessures au visage des enfants. Un gonflement masque et complique souvent la mise en place clinique des lignes de fracture \u00e0 l\u2019aide d\u2019une imagerie RX. Ceci est typique des fractures osseuses nasales ou des fractures cr\u00e2niennes. Les enfants accident\u00e9s au visage suite \u00e0 une chute auront des saignements de nez, une cr\u00e9pitation et une <a href=\"https:\/\/www.medespoir.ch\/septoplastie-tunisie.php\">d\u00e9formation du squelette nasal<\/a>, un h\u00e9matome septal et dans le cas le plus minutieusement soign\u00e9 un traumatisme cranio-facial.<\/p>\n<p>&nbsp;<\/p>\n<p>Les fractures de la m\u00e2choire sup\u00e9rieure dans l&rsquo;enfance sont plus fr\u00e9quentes que pr\u00e9vu. Cela est d\u00fb au fait que la m\u00e2choire sup\u00e9rieure n&rsquo;a pas les protub\u00e9rances massives dans la zone des os nasaux et zygomatiques, les corps enfantins en chute absorbent l&rsquo;\u00e9nergie en traumatisme direct et donc l\u2019impact est r\u00e9parti sur une zone plus large du visage.<\/p>\n<p>&nbsp;<\/p>\n<p>Les fractures mandibulaires, en particulier dans la r\u00e9gion des articulations cervicales, sont relativement courantes chez les enfants. \u00c9tant donn\u00e9 que la croissance condylienne est plus importante que \u00a0\u00a0la m\u00e2choire inf\u00e9rieure. Le suivi m\u00e9dical de gu\u00e9rison de ces blessures est crucial pour le d\u00e9veloppement normal des os faciaux de l&rsquo;enfant.<\/p>\n<p>&nbsp;<\/p>\n<p>\u00c0 une certaine p\u00e9riode du d\u00e9veloppement de l&rsquo;enfant, les dents canines permanentes augmentent consid\u00e9rablement, affaiblissant ainsi la r\u00e9sistance de l&rsquo;os. Ainsi, ils cr\u00e9ent un site de pr\u00e9dilection caract\u00e9ristique pour la fracture ant\u00e9rieure, en particulier dans la m\u00e2choire inf\u00e9rieure.<\/p>\n<p>&nbsp;<\/p>\n<p>En raison de la pr\u00e9sence d&rsquo;os moins corticaux et plus spongieux chez les enfants, ainsi que d&rsquo;un p\u00e9rioste \u00e9pais, les fractures de la m\u00e2choire sont beaucoup plus souvent de type ferm\u00e9, c\u2019est-\u00e0-dire que les enfants poss\u00e8dent des p\u00e9riostes \u00e9pais, ce qui augmente l&rsquo;apport sanguin acc\u00e9l\u00e8re le m\u00e9tabolisme ce qui explique les p\u00e9riodes de r\u00e9cup\u00e9ration plus courtes chez l&rsquo;enfant.<\/p>\n<p>&nbsp;<\/p>\n<p>Un probl\u00e8me important dans le traitement des fractures de la m\u00e2choire chez les enfants est la pr\u00e9sence de germes dentaires et de centres de croissance dans les os de la m\u00e2choire. Leurs dommages dans une fracture entra\u00eenent des cons\u00e9quences tr\u00e8s graves pour la croissance des os et des dents.\u00a0 Les zones de croissance de la m\u00e2choire sup\u00e9rieure sont : la zone de la suture osseuse du palais, les lieux de connexion avec les os adjacents et la m\u00e2choire<\/p>\n<p>&nbsp;<\/p>\n<p>Il convient \u00e0 noter la survie extr\u00eamement \u00e9lev\u00e9e des tissus endommag\u00e9s chez les enfants, ce qui explique le traitement extr\u00eamement complexe des blessures des tissus mous et des fragments de m\u00e2choire fractur\u00e9s.<\/p>\n<p>&nbsp;<\/p>\n","protected":false},"excerpt":{"rendered":"<p>&nbsp; Les blessures au niveau de la zone maxillo-faciale chez les enfants sont beaucoup plus rares que chez les adultes. Les exceptions sont les morsures d&rsquo;animaux, en particulier avec des gens qui poss\u00e8dent des chiens de garde chez eux.\u00a0Leurs enfants sont expos\u00e9s \u00e0 des risques plus \u00e9lev\u00e9s de blessures. La fr\u00e9quence et la gravit\u00e9 des blessures durant l&rsquo;enfance sont dues aux particularit\u00e9s de l&rsquo;anatomie des corps enfantins. Leurs peaux plus flexibles et leurs tissus sous-cutan\u00e9s sont tr\u00e8s \u00e9lastiques, par contre&#8230;<\/p>\n<p class=\"read-more\"><a class=\"btn btn-default\" href=\"https:\/\/www.medespoir.ch\/blog\/recuperer-apres-blessures-faciales\/\">Lire la suite<span class=\"screen-reader-text\"> Lire la suite<\/span><\/a><\/p>\n","protected":false},"author":1,"featured_media":1358,"comment_status":"closed","ping_status":"closed","sticky":false,"template":"","format":"standard","meta":{"footnotes":""},"categories":[34,2,1],"tags":[],"class_list":["post-1355","post","type-post","status-publish","format-standard","has-post-thumbnail","hentry","category-blog","category-chirurgie-visage","category-non-classifiee"],"yoast_head":"<!-- This site is optimized with the Yoast SEO plugin v27.5 - https:\/\/yoast.com\/product\/yoast-seo-wordpress\/ -->\n<title>Blessures maxillo-faciales : Recuperer suite \u00e0 blessures maxillo-faciales<\/title>\n<meta name=\"description\" content=\"Blessures maxillo-faciales : R\u00e9cup\u00e9rer suite \u00e0 des blessures faciales des enfants, des adultes, les sympt\u00f4mes et les contr\u00f4les m\u00e9dicaux\" \/>\n<meta name=\"robots\" content=\"index, follow, max-snippet:-1, max-image-preview:large, max-video-preview:-1\" \/>\n<link rel=\"canonical\" href=\"https:\/\/www.medespoir.ch\/blog\/recuperer-apres-blessures-faciales\/\" \/>\n<meta property=\"og:locale\" content=\"fr_FR\" \/>\n<meta property=\"og:type\" content=\"article\" \/>\n<meta property=\"og:title\" content=\"Blessures maxillo-faciales : Recuperer suite \u00e0 blessures maxillo-faciales\" \/>\n<meta property=\"og:description\" content=\"Blessures maxillo-faciales : R\u00e9cup\u00e9rer suite \u00e0 des blessures faciales des enfants, des adultes, les sympt\u00f4mes et les contr\u00f4les m\u00e9dicaux\" \/>\n<meta property=\"og:url\" content=\"https:\/\/www.medespoir.ch\/blog\/recuperer-apres-blessures-faciales\/\" \/>\n<meta property=\"og:site_name\" content=\"Actualit\u00e9s\" \/>\n<meta property=\"article:published_time\" content=\"2020-06-11T15:09:11+00:00\" \/>\n<meta property=\"article:modified_time\" content=\"2021-03-18T08:28:41+00:00\" \/>\n<meta property=\"og:image\" content=\"https:\/\/www.medespoir.ch\/blog\/wp-content\/uploads\/2020\/06\/blessure.jpg\" \/>\n\t<meta property=\"og:image:width\" content=\"512\" \/>\n\t<meta property=\"og:image:height\" content=\"396\" \/>\n\t<meta property=\"og:image:type\" content=\"image\/jpeg\" \/>\n<meta name=\"author\" content=\"Espoir\" \/>\n<meta name=\"twitter:card\" content=\"summary_large_image\" \/>\n<meta name=\"twitter:label1\" content=\"\u00c9crit par\" \/>\n\t<meta name=\"twitter:data1\" content=\"Espoir\" \/>\n\t<meta name=\"twitter:label2\" content=\"Dur\u00e9e de lecture estim\u00e9e\" \/>\n\t<meta name=\"twitter:data2\" content=\"5 minutes\" \/>\n<script type=\"application\/ld+json\" class=\"yoast-schema-graph\">{\"@context\":\"https:\\\/\\\/schema.org\",\"@graph\":[{\"@type\":\"Article\",\"@id\":\"https:\\\/\\\/www.medespoir.ch\\\/blog\\\/recuperer-apres-blessures-faciales\\\/#article\",\"isPartOf\":{\"@id\":\"https:\\\/\\\/www.medespoir.ch\\\/blog\\\/recuperer-apres-blessures-faciales\\\/\"},\"author\":{\"name\":\"Espoir\",\"@id\":\"https:\\\/\\\/www.medespoir.ch\\\/blog\\\/#\\\/schema\\\/person\\\/99909ac1fb9e3869cc198b6e24e174d7\"},\"headline\":\"Blessures maxillo-faciales : pourquoi les enfants recup\u00e8rent plus vite ?\",\"datePublished\":\"2020-06-11T15:09:11+00:00\",\"dateModified\":\"2021-03-18T08:28:41+00:00\",\"mainEntityOfPage\":{\"@id\":\"https:\\\/\\\/www.medespoir.ch\\\/blog\\\/recuperer-apres-blessures-faciales\\\/\"},\"wordCount\":916,\"image\":{\"@id\":\"https:\\\/\\\/www.medespoir.ch\\\/blog\\\/recuperer-apres-blessures-faciales\\\/#primaryimage\"},\"thumbnailUrl\":\"https:\\\/\\\/www.medespoir.ch\\\/blog\\\/wp-content\\\/uploads\\\/2020\\\/06\\\/blessure.jpg\",\"articleSection\":[\"Blog\",\"Chirurgie Visage\",\"Non classifi\u00e9(e)\"],\"inLanguage\":\"fr-FR\"},{\"@type\":\"WebPage\",\"@id\":\"https:\\\/\\\/www.medespoir.ch\\\/blog\\\/recuperer-apres-blessures-faciales\\\/\",\"url\":\"https:\\\/\\\/www.medespoir.ch\\\/blog\\\/recuperer-apres-blessures-faciales\\\/\",\"name\":\"Blessures maxillo-faciales : Recuperer suite \u00e0 blessures maxillo-faciales\",\"isPartOf\":{\"@id\":\"https:\\\/\\\/www.medespoir.ch\\\/blog\\\/#website\"},\"primaryImageOfPage\":{\"@id\":\"https:\\\/\\\/www.medespoir.ch\\\/blog\\\/recuperer-apres-blessures-faciales\\\/#primaryimage\"},\"image\":{\"@id\":\"https:\\\/\\\/www.medespoir.ch\\\/blog\\\/recuperer-apres-blessures-faciales\\\/#primaryimage\"},\"thumbnailUrl\":\"https:\\\/\\\/www.medespoir.ch\\\/blog\\\/wp-content\\\/uploads\\\/2020\\\/06\\\/blessure.jpg\",\"datePublished\":\"2020-06-11T15:09:11+00:00\",\"dateModified\":\"2021-03-18T08:28:41+00:00\",\"author\":{\"@id\":\"https:\\\/\\\/www.medespoir.ch\\\/blog\\\/#\\\/schema\\\/person\\\/99909ac1fb9e3869cc198b6e24e174d7\"},\"description\":\"Blessures maxillo-faciales : R\u00e9cup\u00e9rer suite \u00e0 des blessures faciales des enfants, des adultes, les sympt\u00f4mes et les contr\u00f4les m\u00e9dicaux\",\"breadcrumb\":{\"@id\":\"https:\\\/\\\/www.medespoir.ch\\\/blog\\\/recuperer-apres-blessures-faciales\\\/#breadcrumb\"},\"inLanguage\":\"fr-FR\",\"potentialAction\":[{\"@type\":\"ReadAction\",\"target\":[\"https:\\\/\\\/www.medespoir.ch\\\/blog\\\/recuperer-apres-blessures-faciales\\\/\"]}]},{\"@type\":\"ImageObject\",\"inLanguage\":\"fr-FR\",\"@id\":\"https:\\\/\\\/www.medespoir.ch\\\/blog\\\/recuperer-apres-blessures-faciales\\\/#primaryimage\",\"url\":\"https:\\\/\\\/www.medespoir.ch\\\/blog\\\/wp-content\\\/uploads\\\/2020\\\/06\\\/blessure.jpg\",\"contentUrl\":\"https:\\\/\\\/www.medespoir.ch\\\/blog\\\/wp-content\\\/uploads\\\/2020\\\/06\\\/blessure.jpg\",\"width\":512,\"height\":396,\"caption\":\"Blessures faciales\"},{\"@type\":\"BreadcrumbList\",\"@id\":\"https:\\\/\\\/www.medespoir.ch\\\/blog\\\/recuperer-apres-blessures-faciales\\\/#breadcrumb\",\"itemListElement\":[{\"@type\":\"ListItem\",\"position\":1,\"name\":\"Accueil\",\"item\":\"https:\\\/\\\/www.medespoir.ch\\\/blog\\\/\"},{\"@type\":\"ListItem\",\"position\":2,\"name\":\"Blessures maxillo-faciales : pourquoi les enfants recup\u00e8rent plus vite ?\"}]},{\"@type\":\"WebSite\",\"@id\":\"https:\\\/\\\/www.medespoir.ch\\\/blog\\\/#website\",\"url\":\"https:\\\/\\\/www.medespoir.ch\\\/blog\\\/\",\"name\":\"Actualit\u00e9s\",\"description\":\"tout ce qui est en rapport avec la chirurgie esth\u00e9tique\",\"potentialAction\":[{\"@type\":\"SearchAction\",\"target\":{\"@type\":\"EntryPoint\",\"urlTemplate\":\"https:\\\/\\\/www.medespoir.ch\\\/blog\\\/?s={search_term_string}\"},\"query-input\":{\"@type\":\"PropertyValueSpecification\",\"valueRequired\":true,\"valueName\":\"search_term_string\"}}],\"inLanguage\":\"fr-FR\"},{\"@type\":\"Person\",\"@id\":\"https:\\\/\\\/www.medespoir.ch\\\/blog\\\/#\\\/schema\\\/person\\\/99909ac1fb9e3869cc198b6e24e174d7\",\"name\":\"Espoir\",\"image\":{\"@type\":\"ImageObject\",\"inLanguage\":\"fr-FR\",\"@id\":\"https:\\\/\\\/secure.gravatar.com\\\/avatar\\\/2348b74ac1faeeba29af66f6ca25e9bce662a7e32d3a5f84df80788ea07d151f?s=96&d=mm&r=g\",\"url\":\"https:\\\/\\\/secure.gravatar.com\\\/avatar\\\/2348b74ac1faeeba29af66f6ca25e9bce662a7e32d3a5f84df80788ea07d151f?s=96&d=mm&r=g\",\"contentUrl\":\"https:\\\/\\\/secure.gravatar.com\\\/avatar\\\/2348b74ac1faeeba29af66f6ca25e9bce662a7e32d3a5f84df80788ea07d151f?s=96&d=mm&r=g\",\"caption\":\"Espoir\"},\"sameAs\":[\"http:\\\/\\\/www.medespoir.ch\"],\"url\":\"https:\\\/\\\/www.medespoir.ch\\\/blog\\\/author\\\/espoir\\\/\"}]}<\/script>\n<!-- \/ Yoast SEO plugin. -->","yoast_head_json":{"title":"Blessures maxillo-faciales : Recuperer suite \u00e0 blessures maxillo-faciales","description":"Blessures maxillo-faciales : R\u00e9cup\u00e9rer suite \u00e0 des blessures faciales des enfants, des adultes, les sympt\u00f4mes et les contr\u00f4les m\u00e9dicaux","robots":{"index":"index","follow":"follow","max-snippet":"max-snippet:-1","max-image-preview":"max-image-preview:large","max-video-preview":"max-video-preview:-1"},"canonical":"https:\/\/www.medespoir.ch\/blog\/recuperer-apres-blessures-faciales\/","og_locale":"fr_FR","og_type":"article","og_title":"Blessures maxillo-faciales : Recuperer suite \u00e0 blessures maxillo-faciales","og_description":"Blessures maxillo-faciales : R\u00e9cup\u00e9rer suite \u00e0 des blessures faciales des enfants, des adultes, les sympt\u00f4mes et les contr\u00f4les m\u00e9dicaux","og_url":"https:\/\/www.medespoir.ch\/blog\/recuperer-apres-blessures-faciales\/","og_site_name":"Actualit\u00e9s","article_published_time":"2020-06-11T15:09:11+00:00","article_modified_time":"2021-03-18T08:28:41+00:00","og_image":[{"width":512,"height":396,"url":"https:\/\/www.medespoir.ch\/blog\/wp-content\/uploads\/2020\/06\/blessure.jpg","type":"image\/jpeg"}],"author":"Espoir","twitter_card":"summary_large_image","twitter_misc":{"\u00c9crit par":"Espoir","Dur\u00e9e de lecture estim\u00e9e":"5 minutes"},"schema":{"@context":"https:\/\/schema.org","@graph":[{"@type":"Article","@id":"https:\/\/www.medespoir.ch\/blog\/recuperer-apres-blessures-faciales\/#article","isPartOf":{"@id":"https:\/\/www.medespoir.ch\/blog\/recuperer-apres-blessures-faciales\/"},"author":{"name":"Espoir","@id":"https:\/\/www.medespoir.ch\/blog\/#\/schema\/person\/99909ac1fb9e3869cc198b6e24e174d7"},"headline":"Blessures maxillo-faciales : pourquoi les enfants recup\u00e8rent plus vite ?","datePublished":"2020-06-11T15:09:11+00:00","dateModified":"2021-03-18T08:28:41+00:00","mainEntityOfPage":{"@id":"https:\/\/www.medespoir.ch\/blog\/recuperer-apres-blessures-faciales\/"},"wordCount":916,"image":{"@id":"https:\/\/www.medespoir.ch\/blog\/recuperer-apres-blessures-faciales\/#primaryimage"},"thumbnailUrl":"https:\/\/www.medespoir.ch\/blog\/wp-content\/uploads\/2020\/06\/blessure.jpg","articleSection":["Blog","Chirurgie Visage","Non classifi\u00e9(e)"],"inLanguage":"fr-FR"},{"@type":"WebPage","@id":"https:\/\/www.medespoir.ch\/blog\/recuperer-apres-blessures-faciales\/","url":"https:\/\/www.medespoir.ch\/blog\/recuperer-apres-blessures-faciales\/","name":"Blessures maxillo-faciales : Recuperer suite \u00e0 blessures maxillo-faciales","isPartOf":{"@id":"https:\/\/www.medespoir.ch\/blog\/#website"},"primaryImageOfPage":{"@id":"https:\/\/www.medespoir.ch\/blog\/recuperer-apres-blessures-faciales\/#primaryimage"},"image":{"@id":"https:\/\/www.medespoir.ch\/blog\/recuperer-apres-blessures-faciales\/#primaryimage"},"thumbnailUrl":"https:\/\/www.medespoir.ch\/blog\/wp-content\/uploads\/2020\/06\/blessure.jpg","datePublished":"2020-06-11T15:09:11+00:00","dateModified":"2021-03-18T08:28:41+00:00","author":{"@id":"https:\/\/www.medespoir.ch\/blog\/#\/schema\/person\/99909ac1fb9e3869cc198b6e24e174d7"},"description":"Blessures maxillo-faciales : R\u00e9cup\u00e9rer suite \u00e0 des blessures faciales des enfants, des adultes, les sympt\u00f4mes et les contr\u00f4les m\u00e9dicaux","breadcrumb":{"@id":"https:\/\/www.medespoir.ch\/blog\/recuperer-apres-blessures-faciales\/#breadcrumb"},"inLanguage":"fr-FR","potentialAction":[{"@type":"ReadAction","target":["https:\/\/www.medespoir.ch\/blog\/recuperer-apres-blessures-faciales\/"]}]},{"@type":"ImageObject","inLanguage":"fr-FR","@id":"https:\/\/www.medespoir.ch\/blog\/recuperer-apres-blessures-faciales\/#primaryimage","url":"https:\/\/www.medespoir.ch\/blog\/wp-content\/uploads\/2020\/06\/blessure.jpg","contentUrl":"https:\/\/www.medespoir.ch\/blog\/wp-content\/uploads\/2020\/06\/blessure.jpg","width":512,"height":396,"caption":"Blessures faciales"},{"@type":"BreadcrumbList","@id":"https:\/\/www.medespoir.ch\/blog\/recuperer-apres-blessures-faciales\/#breadcrumb","itemListElement":[{"@type":"ListItem","position":1,"name":"Accueil","item":"https:\/\/www.medespoir.ch\/blog\/"},{"@type":"ListItem","position":2,"name":"Blessures maxillo-faciales : pourquoi les enfants recup\u00e8rent plus vite ?"}]},{"@type":"WebSite","@id":"https:\/\/www.medespoir.ch\/blog\/#website","url":"https:\/\/www.medespoir.ch\/blog\/","name":"Actualit\u00e9s","description":"tout ce qui est en rapport avec la chirurgie esth\u00e9tique","potentialAction":[{"@type":"SearchAction","target":{"@type":"EntryPoint","urlTemplate":"https:\/\/www.medespoir.ch\/blog\/?s={search_term_string}"},"query-input":{"@type":"PropertyValueSpecification","valueRequired":true,"valueName":"search_term_string"}}],"inLanguage":"fr-FR"},{"@type":"Person","@id":"https:\/\/www.medespoir.ch\/blog\/#\/schema\/person\/99909ac1fb9e3869cc198b6e24e174d7","name":"Espoir","image":{"@type":"ImageObject","inLanguage":"fr-FR","@id":"https:\/\/secure.gravatar.com\/avatar\/2348b74ac1faeeba29af66f6ca25e9bce662a7e32d3a5f84df80788ea07d151f?s=96&d=mm&r=g","url":"https:\/\/secure.gravatar.com\/avatar\/2348b74ac1faeeba29af66f6ca25e9bce662a7e32d3a5f84df80788ea07d151f?s=96&d=mm&r=g","contentUrl":"https:\/\/secure.gravatar.com\/avatar\/2348b74ac1faeeba29af66f6ca25e9bce662a7e32d3a5f84df80788ea07d151f?s=96&d=mm&r=g","caption":"Espoir"},"sameAs":["http:\/\/www.medespoir.ch"],"url":"https:\/\/www.medespoir.ch\/blog\/author\/espoir\/"}]}},"_links":{"self":[{"href":"https:\/\/www.medespoir.ch\/blog\/wp-json\/wp\/v2\/posts\/1355","targetHints":{"allow":["GET"]}}],"collection":[{"href":"https:\/\/www.medespoir.ch\/blog\/wp-json\/wp\/v2\/posts"}],"about":[{"href":"https:\/\/www.medespoir.ch\/blog\/wp-json\/wp\/v2\/types\/post"}],"author":[{"embeddable":true,"href":"https:\/\/www.medespoir.ch\/blog\/wp-json\/wp\/v2\/users\/1"}],"replies":[{"embeddable":true,"href":"https:\/\/www.medespoir.ch\/blog\/wp-json\/wp\/v2\/comments?post=1355"}],"version-history":[{"count":7,"href":"https:\/\/www.medespoir.ch\/blog\/wp-json\/wp\/v2\/posts\/1355\/revisions"}],"predecessor-version":[{"id":1391,"href":"https:\/\/www.medespoir.ch\/blog\/wp-json\/wp\/v2\/posts\/1355\/revisions\/1391"}],"wp:featuredmedia":[{"embeddable":true,"href":"https:\/\/www.medespoir.ch\/blog\/wp-json\/wp\/v2\/media\/1358"}],"wp:attachment":[{"href":"https:\/\/www.medespoir.ch\/blog\/wp-json\/wp\/v2\/media?parent=1355"}],"wp:term":[{"taxonomy":"category","embeddable":true,"href":"https:\/\/www.medespoir.ch\/blog\/wp-json\/wp\/v2\/categories?post=1355"},{"taxonomy":"post_tag","embeddable":true,"href":"https:\/\/www.medespoir.ch\/blog\/wp-json\/wp\/v2\/tags?post=1355"}],"curies":[{"name":"wp","href":"https:\/\/api.w.org\/{rel}","templated":true}]}}