{"id":2649,"date":"2021-12-23T16:07:16","date_gmt":"2021-12-23T15:07:16","guid":{"rendered":"https:\/\/www.medespoir.ch\/blog\/?p=2649"},"modified":"2021-12-23T16:57:58","modified_gmt":"2021-12-23T15:57:58","slug":"prix-facettes-dentaires-turquie","status":"publish","type":"post","link":"https:\/\/www.medespoir.ch\/blog\/prix-facettes-dentaires-turquie\/","title":{"rendered":"Prix facettes dentaires Turquie"},"content":{"rendered":"<h1><\/h1>\n<p>Les facettes Turquie sont utilis\u00e9es en dentisterie esth\u00e9tique pour rehausser l&rsquo;apparence du sourire. Les facettes ressemblent \u00e0 des coquilles qui sont faites sur mesure pour couvrir le devant des dents. De plus, elles sont con\u00e7ues pour correspondre aux dents naturelles en : Taille et Forme.<\/p>\n<p>Si une personne cherche \u00e0 \u00e9claircir ou \u00e0 restaurer son sourire, les facettes dentaire Turquie peuvent l\u2019aider \u00e0 y parvenir. Si les dents sont us\u00e9es, \u00e9br\u00e9ch\u00e9es ou cass\u00e9es, le dentiste peut conseiller le patient de placer des facettes sur la surface avant des dents.<\/p>\n<p>De plus, si les dents sont in\u00e9gales, mal align\u00e9es ou sont tr\u00e8s espac\u00e9es, les facettes peuvent aider \u00e0 contrer ces conditions. Par cons\u00e9quent, le dentiste peut recommander de suivre ce traitement, ou encore en discuter avec un dentiste s\u2019il y a l&rsquo;un de ces probl\u00e8mes.<\/p>\n<p>Il existe deux types de mat\u00e9riaux couramment utilis\u00e9s pour fabriquer des facettes, notamment\u00a0: R\u00e9sine composite et Porcelaine.<\/p>\n<p>La porcelaine est le mat\u00e9riau le plus utilis\u00e9 car il s&rsquo;agit d&rsquo;un mat\u00e9riau solide \u00e0 base de c\u00e9ramique. De plus, la porcelaine a un aspect plus naturel et offre une couleur plus proche de celle des dents environnantes. D&rsquo;autre part, la r\u00e9sine composite fournit une restauration stable et est couramment utilis\u00e9e pour les obturations.<\/p>\n<h2>Combien co\u00fbtent les facettes dentaires Turquie ?<\/h2>\n<p><a href=\"https:\/\/www.medespoir.ch\/facettes-dentaires.php\">Les facettes dentaires<\/a> sont un traitement esth\u00e9tique tr\u00e8s populaire en Turquie car elles peuvent am\u00e9liorer l\u2019apparence esth\u00e9tique. Essentiellement, les facettes sont plac\u00e9es sur la surface avant des dents pour restaurer le beau sourire.<\/p>\n<p>Le co\u00fbt des facettes en Turquie varie d&rsquo;un cabinet \u00e0 l&rsquo;autre et les facteurs de prix peuvent inclure le mat\u00e9riau utilis\u00e9 et le nombre de facettes dont l\u2019on a besoin.<\/p>\n<p>Pour donner une meilleure id\u00e9e du co\u00fbt des facettes, il est n\u00e9cessaire de comprendre les diff\u00e9rents facteurs qui affectent le prix\u00a0:<\/p>\n<ul>\n<li>Le co\u00fbt des facettes dentaires Turquie d\u00e9pend du mat\u00e9riau utilis\u00e9. De plus, le co\u00fbt peut \u00e9galement diff\u00e9rer en fonction du nombre de facettes que l\u2019on souhaite placer sur ses dents\u00a0;<\/li>\n<li>La sant\u00e9 globale des gencives ainsi que celle des dents ;<\/li>\n<li>La correction de tout facteur de morsure : il faut cr\u00e9er une morsure harmonieuse et stable afin que le traitement puisse durer le plus longtemps possible\u00a0;<\/li>\n<li>La position, la forme, le contour et la couleur des dents avant le traitement.<\/li>\n<\/ul>\n<p>Chaque forfait comprend plusieurs autres traitements et services pour compl\u00e9ter les facettes, ce qui contribue au co\u00fbt global. Les services des forfaits de facettes dentaires comprennent\u00a0:<\/p>\n<ul>\n<li>Zoom blanchiment (dents inf\u00e9rieures)\u00a0;<\/li>\n<li>Nettoyage\u00a0;<\/li>\n<li>Garde de nuit (non inclus dans le package composite)\u00a0;<\/li>\n<\/ul>\n","protected":false},"excerpt":{"rendered":"<p>Les facettes Turquie sont utilis\u00e9es en dentisterie esth\u00e9tique pour rehausser l&rsquo;apparence du sourire. Les facettes ressemblent \u00e0 des coquilles qui sont faites sur mesure pour couvrir le devant des dents. De plus, elles sont con\u00e7ues pour correspondre aux dents naturelles en : Taille et Forme. Si une personne cherche \u00e0 \u00e9claircir ou \u00e0 restaurer son sourire, les facettes dentaire Turquie peuvent l\u2019aider \u00e0 y parvenir. Si les dents sont us\u00e9es, \u00e9br\u00e9ch\u00e9es ou cass\u00e9es, le dentiste peut conseiller le patient de&#8230;<\/p>\n<p class=\"read-more\"><a class=\"btn btn-default\" href=\"https:\/\/www.medespoir.ch\/blog\/prix-facettes-dentaires-turquie\/\">Lire la suite<span class=\"screen-reader-text\"> Lire la suite<\/span><\/a><\/p>\n","protected":false},"author":2,"featured_media":2651,"comment_status":"closed","ping_status":"closed","sticky":false,"template":"","format":"standard","meta":{"footnotes":""},"categories":[99,100],"tags":[],"class_list":["post-2649","post","type-post","status-publish","format-standard","has-post-thumbnail","hentry","category-destinations-turquie","category-turquie"],"yoast_head":"<!-- This site is optimized with the Yoast SEO plugin v27.5 - https:\/\/yoast.com\/product\/yoast-seo-wordpress\/ -->\n<title>Prix facettes dentaires Turquie : Tout savoir facettes dentaires en Turquie<\/title>\n<meta name=\"description\" content=\"Prix facettes dentaires Turquie : Tout savoir facettes dentaires en Turquie, facette dentaire Turquie devis gratuit\" \/>\n<meta name=\"robots\" content=\"index, follow, max-snippet:-1, max-image-preview:large, max-video-preview:-1\" \/>\n<link rel=\"canonical\" href=\"https:\/\/www.medespoir.ch\/blog\/prix-facettes-dentaires-turquie\/\" \/>\n<meta property=\"og:locale\" content=\"fr_FR\" \/>\n<meta property=\"og:type\" content=\"article\" \/>\n<meta property=\"og:title\" content=\"Prix facettes dentaires Turquie : Tout savoir facettes dentaires en Turquie\" \/>\n<meta property=\"og:description\" content=\"Prix facettes dentaires Turquie : Tout savoir facettes dentaires en Turquie, facette dentaire Turquie devis gratuit\" \/>\n<meta property=\"og:url\" content=\"https:\/\/www.medespoir.ch\/blog\/prix-facettes-dentaires-turquie\/\" \/>\n<meta property=\"og:site_name\" content=\"Actualit\u00e9s\" \/>\n<meta property=\"article:published_time\" content=\"2021-12-23T15:07:16+00:00\" \/>\n<meta property=\"article:modified_time\" content=\"2021-12-23T15:57:58+00:00\" \/>\n<meta property=\"og:image\" content=\"https:\/\/www.medespoir.ch\/blog\/wp-content\/uploads\/2021\/12\/esthetique-dentaire-turquie.jpg\" \/>\n\t<meta property=\"og:image:width\" content=\"1903\" \/>\n\t<meta property=\"og:image:height\" content=\"800\" \/>\n\t<meta property=\"og:image:type\" content=\"image\/jpeg\" \/>\n<meta name=\"author\" content=\"Medespoir\" \/>\n<meta name=\"twitter:card\" content=\"summary_large_image\" \/>\n<meta name=\"twitter:label1\" content=\"\u00c9crit par\" \/>\n\t<meta name=\"twitter:data1\" content=\"Medespoir\" \/>\n\t<meta name=\"twitter:label2\" content=\"Dur\u00e9e de lecture estim\u00e9e\" \/>\n\t<meta name=\"twitter:data2\" content=\"3 minutes\" \/>\n<script type=\"application\/ld+json\" class=\"yoast-schema-graph\">{\"@context\":\"https:\\\/\\\/schema.org\",\"@graph\":[{\"@type\":\"Article\",\"@id\":\"https:\\\/\\\/www.medespoir.ch\\\/blog\\\/prix-facettes-dentaires-turquie\\\/#article\",\"isPartOf\":{\"@id\":\"https:\\\/\\\/www.medespoir.ch\\\/blog\\\/prix-facettes-dentaires-turquie\\\/\"},\"author\":{\"name\":\"Medespoir\",\"@id\":\"https:\\\/\\\/www.medespoir.ch\\\/blog\\\/#\\\/schema\\\/person\\\/f3137c0efad7e01f4f09954e4fe5fcaf\"},\"headline\":\"Prix facettes dentaires Turquie\",\"datePublished\":\"2021-12-23T15:07:16+00:00\",\"dateModified\":\"2021-12-23T15:57:58+00:00\",\"mainEntityOfPage\":{\"@id\":\"https:\\\/\\\/www.medespoir.ch\\\/blog\\\/prix-facettes-dentaires-turquie\\\/\"},\"wordCount\":457,\"image\":{\"@id\":\"https:\\\/\\\/www.medespoir.ch\\\/blog\\\/prix-facettes-dentaires-turquie\\\/#primaryimage\"},\"thumbnailUrl\":\"https:\\\/\\\/www.medespoir.ch\\\/blog\\\/wp-content\\\/uploads\\\/2021\\\/12\\\/esthetique-dentaire-turquie.jpg\",\"articleSection\":[\"Destinations Turquie\",\"Turquie\"],\"inLanguage\":\"fr-FR\"},{\"@type\":\"WebPage\",\"@id\":\"https:\\\/\\\/www.medespoir.ch\\\/blog\\\/prix-facettes-dentaires-turquie\\\/\",\"url\":\"https:\\\/\\\/www.medespoir.ch\\\/blog\\\/prix-facettes-dentaires-turquie\\\/\",\"name\":\"Prix facettes dentaires Turquie : Tout savoir facettes dentaires en Turquie\",\"isPartOf\":{\"@id\":\"https:\\\/\\\/www.medespoir.ch\\\/blog\\\/#website\"},\"primaryImageOfPage\":{\"@id\":\"https:\\\/\\\/www.medespoir.ch\\\/blog\\\/prix-facettes-dentaires-turquie\\\/#primaryimage\"},\"image\":{\"@id\":\"https:\\\/\\\/www.medespoir.ch\\\/blog\\\/prix-facettes-dentaires-turquie\\\/#primaryimage\"},\"thumbnailUrl\":\"https:\\\/\\\/www.medespoir.ch\\\/blog\\\/wp-content\\\/uploads\\\/2021\\\/12\\\/esthetique-dentaire-turquie.jpg\",\"datePublished\":\"2021-12-23T15:07:16+00:00\",\"dateModified\":\"2021-12-23T15:57:58+00:00\",\"author\":{\"@id\":\"https:\\\/\\\/www.medespoir.ch\\\/blog\\\/#\\\/schema\\\/person\\\/f3137c0efad7e01f4f09954e4fe5fcaf\"},\"description\":\"Prix facettes dentaires Turquie : Tout savoir facettes dentaires en Turquie, facette dentaire Turquie devis gratuit\",\"breadcrumb\":{\"@id\":\"https:\\\/\\\/www.medespoir.ch\\\/blog\\\/prix-facettes-dentaires-turquie\\\/#breadcrumb\"},\"inLanguage\":\"fr-FR\",\"potentialAction\":[{\"@type\":\"ReadAction\",\"target\":[\"https:\\\/\\\/www.medespoir.ch\\\/blog\\\/prix-facettes-dentaires-turquie\\\/\"]}]},{\"@type\":\"ImageObject\",\"inLanguage\":\"fr-FR\",\"@id\":\"https:\\\/\\\/www.medespoir.ch\\\/blog\\\/prix-facettes-dentaires-turquie\\\/#primaryimage\",\"url\":\"https:\\\/\\\/www.medespoir.ch\\\/blog\\\/wp-content\\\/uploads\\\/2021\\\/12\\\/esthetique-dentaire-turquie.jpg\",\"contentUrl\":\"https:\\\/\\\/www.medespoir.ch\\\/blog\\\/wp-content\\\/uploads\\\/2021\\\/12\\\/esthetique-dentaire-turquie.jpg\",\"width\":1903,\"height\":800,\"caption\":\"esthetique dentaire Turquie\"},{\"@type\":\"BreadcrumbList\",\"@id\":\"https:\\\/\\\/www.medespoir.ch\\\/blog\\\/prix-facettes-dentaires-turquie\\\/#breadcrumb\",\"itemListElement\":[{\"@type\":\"ListItem\",\"position\":1,\"name\":\"Accueil\",\"item\":\"https:\\\/\\\/www.medespoir.ch\\\/blog\\\/\"},{\"@type\":\"ListItem\",\"position\":2,\"name\":\"Prix facettes dentaires Turquie\"}]},{\"@type\":\"WebSite\",\"@id\":\"https:\\\/\\\/www.medespoir.ch\\\/blog\\\/#website\",\"url\":\"https:\\\/\\\/www.medespoir.ch\\\/blog\\\/\",\"name\":\"Actualit\u00e9s\",\"description\":\"tout ce qui est en rapport avec la chirurgie esth\u00e9tique\",\"potentialAction\":[{\"@type\":\"SearchAction\",\"target\":{\"@type\":\"EntryPoint\",\"urlTemplate\":\"https:\\\/\\\/www.medespoir.ch\\\/blog\\\/?s={search_term_string}\"},\"query-input\":{\"@type\":\"PropertyValueSpecification\",\"valueRequired\":true,\"valueName\":\"search_term_string\"}}],\"inLanguage\":\"fr-FR\"},{\"@type\":\"Person\",\"@id\":\"https:\\\/\\\/www.medespoir.ch\\\/blog\\\/#\\\/schema\\\/person\\\/f3137c0efad7e01f4f09954e4fe5fcaf\",\"name\":\"Medespoir\",\"image\":{\"@type\":\"ImageObject\",\"inLanguage\":\"fr-FR\",\"@id\":\"https:\\\/\\\/secure.gravatar.com\\\/avatar\\\/2749d49026cb64198c0ffdb8c6cf892efeb307abed9491ae51e487581fb6383b?s=96&d=mm&r=g\",\"url\":\"https:\\\/\\\/secure.gravatar.com\\\/avatar\\\/2749d49026cb64198c0ffdb8c6cf892efeb307abed9491ae51e487581fb6383b?s=96&d=mm&r=g\",\"contentUrl\":\"https:\\\/\\\/secure.gravatar.com\\\/avatar\\\/2749d49026cb64198c0ffdb8c6cf892efeb307abed9491ae51e487581fb6383b?s=96&d=mm&r=g\",\"caption\":\"Medespoir\"},\"url\":\"https:\\\/\\\/www.medespoir.ch\\\/blog\\\/author\\\/medespoir\\\/\"}]}<\/script>\n<!-- \/ Yoast SEO plugin. -->","yoast_head_json":{"title":"Prix facettes dentaires Turquie : Tout savoir facettes dentaires en Turquie","description":"Prix facettes dentaires Turquie : Tout savoir facettes dentaires en Turquie, facette dentaire Turquie devis gratuit","robots":{"index":"index","follow":"follow","max-snippet":"max-snippet:-1","max-image-preview":"max-image-preview:large","max-video-preview":"max-video-preview:-1"},"canonical":"https:\/\/www.medespoir.ch\/blog\/prix-facettes-dentaires-turquie\/","og_locale":"fr_FR","og_type":"article","og_title":"Prix facettes dentaires Turquie : Tout savoir facettes dentaires en Turquie","og_description":"Prix facettes dentaires Turquie : Tout savoir facettes dentaires en Turquie, facette dentaire Turquie devis gratuit","og_url":"https:\/\/www.medespoir.ch\/blog\/prix-facettes-dentaires-turquie\/","og_site_name":"Actualit\u00e9s","article_published_time":"2021-12-23T15:07:16+00:00","article_modified_time":"2021-12-23T15:57:58+00:00","og_image":[{"width":1903,"height":800,"url":"https:\/\/www.medespoir.ch\/blog\/wp-content\/uploads\/2021\/12\/esthetique-dentaire-turquie.jpg","type":"image\/jpeg"}],"author":"Medespoir","twitter_card":"summary_large_image","twitter_misc":{"\u00c9crit par":"Medespoir","Dur\u00e9e de lecture estim\u00e9e":"3 minutes"},"schema":{"@context":"https:\/\/schema.org","@graph":[{"@type":"Article","@id":"https:\/\/www.medespoir.ch\/blog\/prix-facettes-dentaires-turquie\/#article","isPartOf":{"@id":"https:\/\/www.medespoir.ch\/blog\/prix-facettes-dentaires-turquie\/"},"author":{"name":"Medespoir","@id":"https:\/\/www.medespoir.ch\/blog\/#\/schema\/person\/f3137c0efad7e01f4f09954e4fe5fcaf"},"headline":"Prix facettes dentaires Turquie","datePublished":"2021-12-23T15:07:16+00:00","dateModified":"2021-12-23T15:57:58+00:00","mainEntityOfPage":{"@id":"https:\/\/www.medespoir.ch\/blog\/prix-facettes-dentaires-turquie\/"},"wordCount":457,"image":{"@id":"https:\/\/www.medespoir.ch\/blog\/prix-facettes-dentaires-turquie\/#primaryimage"},"thumbnailUrl":"https:\/\/www.medespoir.ch\/blog\/wp-content\/uploads\/2021\/12\/esthetique-dentaire-turquie.jpg","articleSection":["Destinations Turquie","Turquie"],"inLanguage":"fr-FR"},{"@type":"WebPage","@id":"https:\/\/www.medespoir.ch\/blog\/prix-facettes-dentaires-turquie\/","url":"https:\/\/www.medespoir.ch\/blog\/prix-facettes-dentaires-turquie\/","name":"Prix facettes dentaires Turquie : Tout savoir facettes dentaires en Turquie","isPartOf":{"@id":"https:\/\/www.medespoir.ch\/blog\/#website"},"primaryImageOfPage":{"@id":"https:\/\/www.medespoir.ch\/blog\/prix-facettes-dentaires-turquie\/#primaryimage"},"image":{"@id":"https:\/\/www.medespoir.ch\/blog\/prix-facettes-dentaires-turquie\/#primaryimage"},"thumbnailUrl":"https:\/\/www.medespoir.ch\/blog\/wp-content\/uploads\/2021\/12\/esthetique-dentaire-turquie.jpg","datePublished":"2021-12-23T15:07:16+00:00","dateModified":"2021-12-23T15:57:58+00:00","author":{"@id":"https:\/\/www.medespoir.ch\/blog\/#\/schema\/person\/f3137c0efad7e01f4f09954e4fe5fcaf"},"description":"Prix facettes dentaires Turquie : Tout savoir facettes dentaires en Turquie, facette dentaire Turquie devis gratuit","breadcrumb":{"@id":"https:\/\/www.medespoir.ch\/blog\/prix-facettes-dentaires-turquie\/#breadcrumb"},"inLanguage":"fr-FR","potentialAction":[{"@type":"ReadAction","target":["https:\/\/www.medespoir.ch\/blog\/prix-facettes-dentaires-turquie\/"]}]},{"@type":"ImageObject","inLanguage":"fr-FR","@id":"https:\/\/www.medespoir.ch\/blog\/prix-facettes-dentaires-turquie\/#primaryimage","url":"https:\/\/www.medespoir.ch\/blog\/wp-content\/uploads\/2021\/12\/esthetique-dentaire-turquie.jpg","contentUrl":"https:\/\/www.medespoir.ch\/blog\/wp-content\/uploads\/2021\/12\/esthetique-dentaire-turquie.jpg","width":1903,"height":800,"caption":"esthetique dentaire Turquie"},{"@type":"BreadcrumbList","@id":"https:\/\/www.medespoir.ch\/blog\/prix-facettes-dentaires-turquie\/#breadcrumb","itemListElement":[{"@type":"ListItem","position":1,"name":"Accueil","item":"https:\/\/www.medespoir.ch\/blog\/"},{"@type":"ListItem","position":2,"name":"Prix facettes dentaires Turquie"}]},{"@type":"WebSite","@id":"https:\/\/www.medespoir.ch\/blog\/#website","url":"https:\/\/www.medespoir.ch\/blog\/","name":"Actualit\u00e9s","description":"tout ce qui est en rapport avec la chirurgie esth\u00e9tique","potentialAction":[{"@type":"SearchAction","target":{"@type":"EntryPoint","urlTemplate":"https:\/\/www.medespoir.ch\/blog\/?s={search_term_string}"},"query-input":{"@type":"PropertyValueSpecification","valueRequired":true,"valueName":"search_term_string"}}],"inLanguage":"fr-FR"},{"@type":"Person","@id":"https:\/\/www.medespoir.ch\/blog\/#\/schema\/person\/f3137c0efad7e01f4f09954e4fe5fcaf","name":"Medespoir","image":{"@type":"ImageObject","inLanguage":"fr-FR","@id":"https:\/\/secure.gravatar.com\/avatar\/2749d49026cb64198c0ffdb8c6cf892efeb307abed9491ae51e487581fb6383b?s=96&d=mm&r=g","url":"https:\/\/secure.gravatar.com\/avatar\/2749d49026cb64198c0ffdb8c6cf892efeb307abed9491ae51e487581fb6383b?s=96&d=mm&r=g","contentUrl":"https:\/\/secure.gravatar.com\/avatar\/2749d49026cb64198c0ffdb8c6cf892efeb307abed9491ae51e487581fb6383b?s=96&d=mm&r=g","caption":"Medespoir"},"url":"https:\/\/www.medespoir.ch\/blog\/author\/medespoir\/"}]}},"_links":{"self":[{"href":"https:\/\/www.medespoir.ch\/blog\/wp-json\/wp\/v2\/posts\/2649","targetHints":{"allow":["GET"]}}],"collection":[{"href":"https:\/\/www.medespoir.ch\/blog\/wp-json\/wp\/v2\/posts"}],"about":[{"href":"https:\/\/www.medespoir.ch\/blog\/wp-json\/wp\/v2\/types\/post"}],"author":[{"embeddable":true,"href":"https:\/\/www.medespoir.ch\/blog\/wp-json\/wp\/v2\/users\/2"}],"replies":[{"embeddable":true,"href":"https:\/\/www.medespoir.ch\/blog\/wp-json\/wp\/v2\/comments?post=2649"}],"version-history":[{"count":2,"href":"https:\/\/www.medespoir.ch\/blog\/wp-json\/wp\/v2\/posts\/2649\/revisions"}],"predecessor-version":[{"id":2655,"href":"https:\/\/www.medespoir.ch\/blog\/wp-json\/wp\/v2\/posts\/2649\/revisions\/2655"}],"wp:featuredmedia":[{"embeddable":true,"href":"https:\/\/www.medespoir.ch\/blog\/wp-json\/wp\/v2\/media\/2651"}],"wp:attachment":[{"href":"https:\/\/www.medespoir.ch\/blog\/wp-json\/wp\/v2\/media?parent=2649"}],"wp:term":[{"taxonomy":"category","embeddable":true,"href":"https:\/\/www.medespoir.ch\/blog\/wp-json\/wp\/v2\/categories?post=2649"},{"taxonomy":"post_tag","embeddable":true,"href":"https:\/\/www.medespoir.ch\/blog\/wp-json\/wp\/v2\/tags?post=2649"}],"curies":[{"name":"wp","href":"https:\/\/api.w.org\/{rel}","templated":true}]}}