{"id":2945,"date":"2022-09-09T11:17:38","date_gmt":"2022-09-09T09:17:38","guid":{"rendered":"https:\/\/www.medespoir.ch\/blog\/?p=2945"},"modified":"2022-09-09T12:36:17","modified_gmt":"2022-09-09T10:36:17","slug":"angelina-chirurgie-esthetique","status":"publish","type":"post","link":"https:\/\/www.medespoir.ch\/blog\/angelina-chirurgie-esthetique\/","title":{"rendered":"Angelina Jolie a-t-elle subi une chirurgie esth\u00e9tique ?"},"content":{"rendered":"<h2><\/h2>\n<p>&nbsp;<\/p>\n<p>&nbsp;<\/p>\n<p>Elle est toujours belle. \u00c0 chaque fois, elle fait le buzz sur la toile. Elle a \u00e9t\u00e9 en t\u00eate de liste des \u00ab\u00a0plus belles femmes du monde\u00a0\u00bb et nous a inspir\u00e9 avec sa forte personnalit\u00e9 et ses actions humanitaires. C&rsquo;est une maman de six enfants qui a 47 ans et elle nous \u00e9tonne encore avec ses l\u00e8vres charnues et ses yeux per\u00e7ants. Que ce soit la g\u00e9n\u00e9tique de la beaut\u00e9, on ne se lasse pas d&rsquo;Angelina. Elle est l&rsquo;une de nos principales inspirations de style beaut\u00e9 des Mamans.<\/p>\n<p>&nbsp;<\/p>\n<p>&nbsp;<\/p>\n<p>&nbsp;<\/p>\n<p>&nbsp;<\/p>\n<p>&nbsp;<\/p>\n<p>&nbsp;<\/p>\n<h2>Angelina Jolie a-t-elle eu des Fillers ?<\/h2>\n<p>&nbsp;<\/p>\n<p>Ces derni\u00e8res ann\u00e9es, des rumeurs se sont propag\u00e9es selon lesquelles la superbe brune aurait subi diverses op\u00e9rations non chirurgicales pour maintenir les traits sculpt\u00e9s et la peau charnue pour laquelle elle est si c\u00e9l\u00e8bre.<\/p>\n<p>&nbsp;<\/p>\n<p>Les sp\u00e9cialistes affirment que ces l\u00e8vres pulpeuses et ces pommettes hautes ont b\u00e9n\u00e9fici\u00e9 d&rsquo;un soutien subtil, notamment la chirurgienne de Beverly Hills, le Dr Susan Evans, qui est convaincue que la star a conserv\u00e9 son apparence avec des produits de comblement cutan\u00e9. \u00ab\u00a0Angelina a obtenu de belles charges qui ont accentu\u00e9 ses pommettes\u00a0\u00bb, a-t-elle d\u00e9clar\u00e9. Bien qu&rsquo;elle n&rsquo;ait pas trait\u00e9 la star, le Dr Evans a ajout\u00e9 : \u00ab\u00a0Angelina semble avoir ajout\u00e9 une goutte de produits de comblement sur ses l\u00e8vres pour les garder charnues. Avec le temps, m\u00eame les plus grandes l\u00e8vres r\u00e9tr\u00e9cissent, deviennent plus rid\u00e9es et peuvent avoir besoin d&rsquo;une faible quantit\u00e9 d&rsquo;acide hyaluronique pour lisser les rides.<\/p>\n<p>&nbsp;<\/p>\n<h2>Angelina Jolie a-t-elle eu du Botox ?<\/h2>\n<p>&nbsp;<\/p>\n<p>&nbsp;<\/p>\n<p>La peau ros\u00e9e et le teint intemporel d&rsquo;Angelina ont \u00e9galement fait sa beaut\u00e9. Certains clich\u00e9s r\u00e9cents de paparazzi sugg\u00e8rent une apparence plus jeune et plus ferme avant les op\u00e9rations esth\u00e9tiques. Tout cela pourrait \u00eatre d\u00fb \u00e0 des changements de poids ou \u00e0 un meilleur \u00e9clairage, mais Hollywood n&rsquo;est pas convaincu. La sp\u00e9cialiste de Beverly Hills, Zara Harutyunyan, attribue l&rsquo;\u00e9clat frais de la star \u00e0 des traitements cosm\u00e9tiques non chirurgicaux. Elle a d\u00e9clar\u00e9 : \u00ab\u00a0Elle aurait \u00e9galement pu subir un lifting non chirurgical du cou et du visage, ce qui lui donnerait des r\u00e9sultats similaires.\u00a0\u00bb<\/p>\n<p>&nbsp;<\/p>\n<h2>Ce que dit Angelina Jolie<\/h2>\n<p>&nbsp;<\/p>\n<p>Dans le pass\u00e9, la star a ni\u00e9 avoir eu des op\u00e9rations lourdes. Elle a contest\u00e9 les rumeurs dans une interview de 2010 avec le Daily Mail, en disant : \u00ab\u00a0Je n&rsquo;ai rien fait et je ne pense pas que je le ferai, mais si cela rend quelqu&rsquo;un heureux, c&rsquo;est \u00e0 lui de d\u00e9cider. Je ne suis pas dans la peau de quelqu&rsquo;un d&rsquo;autre pour savoir ce qui le fait se sentir mieux dans sa peau. Mais je n&rsquo;ai pas l&rsquo;intention de le faire moi-m\u00eame.\u00a0\u00bb<\/p>\n<p>Elle n&rsquo;est pas admise \u00e0 avoir des produits de remplissage pour les l\u00e8vres ou les joues, et elle avait ces atouts incroyables pour commencer ! Que ses l\u00e8vres restent dodues et que ses joues soient \u00e9clatantes gr\u00e2ce \u00e0 l&rsquo;action de charges subtiles, \u00e0 une bonne g\u00e9n\u00e9tique ou \u00e0 l&rsquo;\u00e9quipe de maquillage \u00e0 laquelle une star comme Angelina Jolie s&rsquo;attendrait, nous ne sommes pas s\u00fbrs. La seule chose dont nous sommes s\u00fbrs, c&rsquo;est qu&rsquo;elle a l&rsquo;air incroyable et que nous l&rsquo;aimons.<\/p>\n<p><img loading=\"lazy\" decoding=\"async\" class=\"size-medium wp-image-2951 aligncenter\" src=\"https:\/\/www.medespoir.ch\/blog\/wp-content\/uploads\/2022\/09\/ang-jol-300x282.jpeg\" alt=\"Angelina Jolie\" width=\"300\" height=\"282\" srcset=\"https:\/\/www.medespoir.ch\/blog\/wp-content\/uploads\/2022\/09\/ang-jol-300x282.jpeg 300w, https:\/\/www.medespoir.ch\/blog\/wp-content\/uploads\/2022\/09\/ang-jol-287x270.jpeg 287w, https:\/\/www.medespoir.ch\/blog\/wp-content\/uploads\/2022\/09\/ang-jol.jpeg 511w\" sizes=\"auto, (max-width: 300px) 100vw, 300px\" \/><\/p>\n","protected":false},"excerpt":{"rendered":"<p>&nbsp; &nbsp; Elle est toujours belle. \u00c0 chaque fois, elle fait le buzz sur la toile. Elle a \u00e9t\u00e9 en t\u00eate de liste des \u00ab\u00a0plus belles femmes du monde\u00a0\u00bb et nous a inspir\u00e9 avec sa forte personnalit\u00e9 et ses actions humanitaires. C&rsquo;est une maman de six enfants qui a 47 ans et elle nous \u00e9tonne encore avec ses l\u00e8vres charnues et ses yeux per\u00e7ants. Que ce soit la g\u00e9n\u00e9tique de la beaut\u00e9, on ne se lasse pas d&rsquo;Angelina. Elle est&#8230;<\/p>\n<p class=\"read-more\"><a class=\"btn btn-default\" href=\"https:\/\/www.medespoir.ch\/blog\/angelina-chirurgie-esthetique\/\">Lire la suite<span class=\"screen-reader-text\"> Lire la suite<\/span><\/a><\/p>\n","protected":false},"author":2,"featured_media":2948,"comment_status":"closed","ping_status":"closed","sticky":false,"template":"","format":"standard","meta":{"footnotes":""},"categories":[1],"tags":[],"class_list":["post-2945","post","type-post","status-publish","format-standard","has-post-thumbnail","hentry","category-non-classifiee"],"yoast_head":"<!-- This site is optimized with the Yoast SEO plugin v27.5 - https:\/\/yoast.com\/product\/yoast-seo-wordpress\/ -->\n<title>Chirurgie stars, Angelina : Jolie a-t-elle subi chirurgie esth\u00e9tique ?<\/title>\n<meta name=\"description\" content=\"Chirurgie esth\u00e9tique stars , Angelina : Angelina Jolie a-t-elle subi chirurgie esth\u00e9tique ? Tout savoir chirurgie esth\u00e9tique Angelina Jolie\" \/>\n<meta name=\"robots\" content=\"index, follow, max-snippet:-1, max-image-preview:large, max-video-preview:-1\" \/>\n<link rel=\"canonical\" href=\"https:\/\/www.medespoir.ch\/blog\/angelina-chirurgie-esthetique\/\" \/>\n<meta property=\"og:locale\" content=\"fr_FR\" \/>\n<meta property=\"og:type\" content=\"article\" \/>\n<meta property=\"og:title\" content=\"Chirurgie stars, Angelina : Jolie a-t-elle subi chirurgie esth\u00e9tique ?\" \/>\n<meta property=\"og:description\" content=\"Chirurgie esth\u00e9tique stars , Angelina : Angelina Jolie a-t-elle subi chirurgie esth\u00e9tique ? Tout savoir chirurgie esth\u00e9tique Angelina Jolie\" \/>\n<meta property=\"og:url\" content=\"https:\/\/www.medespoir.ch\/blog\/angelina-chirurgie-esthetique\/\" \/>\n<meta property=\"og:site_name\" content=\"Actualit\u00e9s\" \/>\n<meta property=\"article:published_time\" content=\"2022-09-09T09:17:38+00:00\" \/>\n<meta property=\"article:modified_time\" content=\"2022-09-09T10:36:17+00:00\" \/>\n<meta property=\"og:image\" content=\"https:\/\/www.medespoir.ch\/blog\/wp-content\/uploads\/2022\/09\/angelina-jolie.jpeg\" \/>\n\t<meta property=\"og:image:width\" content=\"1363\" \/>\n\t<meta property=\"og:image:height\" content=\"908\" \/>\n\t<meta property=\"og:image:type\" content=\"image\/jpeg\" \/>\n<meta name=\"author\" content=\"Medespoir\" \/>\n<meta name=\"twitter:card\" content=\"summary_large_image\" \/>\n<meta name=\"twitter:label1\" content=\"\u00c9crit par\" \/>\n\t<meta name=\"twitter:data1\" content=\"Medespoir\" \/>\n\t<meta name=\"twitter:label2\" content=\"Dur\u00e9e de lecture estim\u00e9e\" \/>\n\t<meta name=\"twitter:data2\" content=\"3 minutes\" \/>\n<script type=\"application\/ld+json\" class=\"yoast-schema-graph\">{\"@context\":\"https:\\\/\\\/schema.org\",\"@graph\":[{\"@type\":\"Article\",\"@id\":\"https:\\\/\\\/www.medespoir.ch\\\/blog\\\/angelina-chirurgie-esthetique\\\/#article\",\"isPartOf\":{\"@id\":\"https:\\\/\\\/www.medespoir.ch\\\/blog\\\/angelina-chirurgie-esthetique\\\/\"},\"author\":{\"name\":\"Medespoir\",\"@id\":\"https:\\\/\\\/www.medespoir.ch\\\/blog\\\/#\\\/schema\\\/person\\\/f3137c0efad7e01f4f09954e4fe5fcaf\"},\"headline\":\"Angelina Jolie a-t-elle subi une chirurgie esth\u00e9tique ?\",\"datePublished\":\"2022-09-09T09:17:38+00:00\",\"dateModified\":\"2022-09-09T10:36:17+00:00\",\"mainEntityOfPage\":{\"@id\":\"https:\\\/\\\/www.medespoir.ch\\\/blog\\\/angelina-chirurgie-esthetique\\\/\"},\"wordCount\":559,\"image\":{\"@id\":\"https:\\\/\\\/www.medespoir.ch\\\/blog\\\/angelina-chirurgie-esthetique\\\/#primaryimage\"},\"thumbnailUrl\":\"https:\\\/\\\/www.medespoir.ch\\\/blog\\\/wp-content\\\/uploads\\\/2022\\\/09\\\/angelina-jolie.jpeg\",\"articleSection\":[\"Non classifi\u00e9(e)\"],\"inLanguage\":\"fr-FR\"},{\"@type\":\"WebPage\",\"@id\":\"https:\\\/\\\/www.medespoir.ch\\\/blog\\\/angelina-chirurgie-esthetique\\\/\",\"url\":\"https:\\\/\\\/www.medespoir.ch\\\/blog\\\/angelina-chirurgie-esthetique\\\/\",\"name\":\"Chirurgie stars, Angelina : Jolie a-t-elle subi chirurgie esth\u00e9tique ?\",\"isPartOf\":{\"@id\":\"https:\\\/\\\/www.medespoir.ch\\\/blog\\\/#website\"},\"primaryImageOfPage\":{\"@id\":\"https:\\\/\\\/www.medespoir.ch\\\/blog\\\/angelina-chirurgie-esthetique\\\/#primaryimage\"},\"image\":{\"@id\":\"https:\\\/\\\/www.medespoir.ch\\\/blog\\\/angelina-chirurgie-esthetique\\\/#primaryimage\"},\"thumbnailUrl\":\"https:\\\/\\\/www.medespoir.ch\\\/blog\\\/wp-content\\\/uploads\\\/2022\\\/09\\\/angelina-jolie.jpeg\",\"datePublished\":\"2022-09-09T09:17:38+00:00\",\"dateModified\":\"2022-09-09T10:36:17+00:00\",\"author\":{\"@id\":\"https:\\\/\\\/www.medespoir.ch\\\/blog\\\/#\\\/schema\\\/person\\\/f3137c0efad7e01f4f09954e4fe5fcaf\"},\"description\":\"Chirurgie esth\u00e9tique stars , Angelina : Angelina Jolie a-t-elle subi chirurgie esth\u00e9tique ? Tout savoir chirurgie esth\u00e9tique Angelina Jolie\",\"breadcrumb\":{\"@id\":\"https:\\\/\\\/www.medespoir.ch\\\/blog\\\/angelina-chirurgie-esthetique\\\/#breadcrumb\"},\"inLanguage\":\"fr-FR\",\"potentialAction\":[{\"@type\":\"ReadAction\",\"target\":[\"https:\\\/\\\/www.medespoir.ch\\\/blog\\\/angelina-chirurgie-esthetique\\\/\"]}]},{\"@type\":\"ImageObject\",\"inLanguage\":\"fr-FR\",\"@id\":\"https:\\\/\\\/www.medespoir.ch\\\/blog\\\/angelina-chirurgie-esthetique\\\/#primaryimage\",\"url\":\"https:\\\/\\\/www.medespoir.ch\\\/blog\\\/wp-content\\\/uploads\\\/2022\\\/09\\\/angelina-jolie.jpeg\",\"contentUrl\":\"https:\\\/\\\/www.medespoir.ch\\\/blog\\\/wp-content\\\/uploads\\\/2022\\\/09\\\/angelina-jolie.jpeg\",\"width\":1363,\"height\":908},{\"@type\":\"BreadcrumbList\",\"@id\":\"https:\\\/\\\/www.medespoir.ch\\\/blog\\\/angelina-chirurgie-esthetique\\\/#breadcrumb\",\"itemListElement\":[{\"@type\":\"ListItem\",\"position\":1,\"name\":\"Accueil\",\"item\":\"https:\\\/\\\/www.medespoir.ch\\\/blog\\\/\"},{\"@type\":\"ListItem\",\"position\":2,\"name\":\"Angelina Jolie a-t-elle subi une chirurgie esth\u00e9tique ?\"}]},{\"@type\":\"WebSite\",\"@id\":\"https:\\\/\\\/www.medespoir.ch\\\/blog\\\/#website\",\"url\":\"https:\\\/\\\/www.medespoir.ch\\\/blog\\\/\",\"name\":\"Actualit\u00e9s\",\"description\":\"tout ce qui est en rapport avec la chirurgie esth\u00e9tique\",\"potentialAction\":[{\"@type\":\"SearchAction\",\"target\":{\"@type\":\"EntryPoint\",\"urlTemplate\":\"https:\\\/\\\/www.medespoir.ch\\\/blog\\\/?s={search_term_string}\"},\"query-input\":{\"@type\":\"PropertyValueSpecification\",\"valueRequired\":true,\"valueName\":\"search_term_string\"}}],\"inLanguage\":\"fr-FR\"},{\"@type\":\"Person\",\"@id\":\"https:\\\/\\\/www.medespoir.ch\\\/blog\\\/#\\\/schema\\\/person\\\/f3137c0efad7e01f4f09954e4fe5fcaf\",\"name\":\"Medespoir\",\"image\":{\"@type\":\"ImageObject\",\"inLanguage\":\"fr-FR\",\"@id\":\"https:\\\/\\\/secure.gravatar.com\\\/avatar\\\/2749d49026cb64198c0ffdb8c6cf892efeb307abed9491ae51e487581fb6383b?s=96&d=mm&r=g\",\"url\":\"https:\\\/\\\/secure.gravatar.com\\\/avatar\\\/2749d49026cb64198c0ffdb8c6cf892efeb307abed9491ae51e487581fb6383b?s=96&d=mm&r=g\",\"contentUrl\":\"https:\\\/\\\/secure.gravatar.com\\\/avatar\\\/2749d49026cb64198c0ffdb8c6cf892efeb307abed9491ae51e487581fb6383b?s=96&d=mm&r=g\",\"caption\":\"Medespoir\"},\"url\":\"https:\\\/\\\/www.medespoir.ch\\\/blog\\\/author\\\/medespoir\\\/\"}]}<\/script>\n<!-- \/ Yoast SEO plugin. -->","yoast_head_json":{"title":"Chirurgie stars, Angelina : Jolie a-t-elle subi chirurgie esth\u00e9tique ?","description":"Chirurgie esth\u00e9tique stars , Angelina : Angelina Jolie a-t-elle subi chirurgie esth\u00e9tique ? Tout savoir chirurgie esth\u00e9tique Angelina Jolie","robots":{"index":"index","follow":"follow","max-snippet":"max-snippet:-1","max-image-preview":"max-image-preview:large","max-video-preview":"max-video-preview:-1"},"canonical":"https:\/\/www.medespoir.ch\/blog\/angelina-chirurgie-esthetique\/","og_locale":"fr_FR","og_type":"article","og_title":"Chirurgie stars, Angelina : Jolie a-t-elle subi chirurgie esth\u00e9tique ?","og_description":"Chirurgie esth\u00e9tique stars , Angelina : Angelina Jolie a-t-elle subi chirurgie esth\u00e9tique ? Tout savoir chirurgie esth\u00e9tique Angelina Jolie","og_url":"https:\/\/www.medespoir.ch\/blog\/angelina-chirurgie-esthetique\/","og_site_name":"Actualit\u00e9s","article_published_time":"2022-09-09T09:17:38+00:00","article_modified_time":"2022-09-09T10:36:17+00:00","og_image":[{"width":1363,"height":908,"url":"https:\/\/www.medespoir.ch\/blog\/wp-content\/uploads\/2022\/09\/angelina-jolie.jpeg","type":"image\/jpeg"}],"author":"Medespoir","twitter_card":"summary_large_image","twitter_misc":{"\u00c9crit par":"Medespoir","Dur\u00e9e de lecture estim\u00e9e":"3 minutes"},"schema":{"@context":"https:\/\/schema.org","@graph":[{"@type":"Article","@id":"https:\/\/www.medespoir.ch\/blog\/angelina-chirurgie-esthetique\/#article","isPartOf":{"@id":"https:\/\/www.medespoir.ch\/blog\/angelina-chirurgie-esthetique\/"},"author":{"name":"Medespoir","@id":"https:\/\/www.medespoir.ch\/blog\/#\/schema\/person\/f3137c0efad7e01f4f09954e4fe5fcaf"},"headline":"Angelina Jolie a-t-elle subi une chirurgie esth\u00e9tique ?","datePublished":"2022-09-09T09:17:38+00:00","dateModified":"2022-09-09T10:36:17+00:00","mainEntityOfPage":{"@id":"https:\/\/www.medespoir.ch\/blog\/angelina-chirurgie-esthetique\/"},"wordCount":559,"image":{"@id":"https:\/\/www.medespoir.ch\/blog\/angelina-chirurgie-esthetique\/#primaryimage"},"thumbnailUrl":"https:\/\/www.medespoir.ch\/blog\/wp-content\/uploads\/2022\/09\/angelina-jolie.jpeg","articleSection":["Non classifi\u00e9(e)"],"inLanguage":"fr-FR"},{"@type":"WebPage","@id":"https:\/\/www.medespoir.ch\/blog\/angelina-chirurgie-esthetique\/","url":"https:\/\/www.medespoir.ch\/blog\/angelina-chirurgie-esthetique\/","name":"Chirurgie stars, Angelina : Jolie a-t-elle subi chirurgie esth\u00e9tique ?","isPartOf":{"@id":"https:\/\/www.medespoir.ch\/blog\/#website"},"primaryImageOfPage":{"@id":"https:\/\/www.medespoir.ch\/blog\/angelina-chirurgie-esthetique\/#primaryimage"},"image":{"@id":"https:\/\/www.medespoir.ch\/blog\/angelina-chirurgie-esthetique\/#primaryimage"},"thumbnailUrl":"https:\/\/www.medespoir.ch\/blog\/wp-content\/uploads\/2022\/09\/angelina-jolie.jpeg","datePublished":"2022-09-09T09:17:38+00:00","dateModified":"2022-09-09T10:36:17+00:00","author":{"@id":"https:\/\/www.medespoir.ch\/blog\/#\/schema\/person\/f3137c0efad7e01f4f09954e4fe5fcaf"},"description":"Chirurgie esth\u00e9tique stars , Angelina : Angelina Jolie a-t-elle subi chirurgie esth\u00e9tique ? Tout savoir chirurgie esth\u00e9tique Angelina Jolie","breadcrumb":{"@id":"https:\/\/www.medespoir.ch\/blog\/angelina-chirurgie-esthetique\/#breadcrumb"},"inLanguage":"fr-FR","potentialAction":[{"@type":"ReadAction","target":["https:\/\/www.medespoir.ch\/blog\/angelina-chirurgie-esthetique\/"]}]},{"@type":"ImageObject","inLanguage":"fr-FR","@id":"https:\/\/www.medespoir.ch\/blog\/angelina-chirurgie-esthetique\/#primaryimage","url":"https:\/\/www.medespoir.ch\/blog\/wp-content\/uploads\/2022\/09\/angelina-jolie.jpeg","contentUrl":"https:\/\/www.medespoir.ch\/blog\/wp-content\/uploads\/2022\/09\/angelina-jolie.jpeg","width":1363,"height":908},{"@type":"BreadcrumbList","@id":"https:\/\/www.medespoir.ch\/blog\/angelina-chirurgie-esthetique\/#breadcrumb","itemListElement":[{"@type":"ListItem","position":1,"name":"Accueil","item":"https:\/\/www.medespoir.ch\/blog\/"},{"@type":"ListItem","position":2,"name":"Angelina Jolie a-t-elle subi une chirurgie esth\u00e9tique ?"}]},{"@type":"WebSite","@id":"https:\/\/www.medespoir.ch\/blog\/#website","url":"https:\/\/www.medespoir.ch\/blog\/","name":"Actualit\u00e9s","description":"tout ce qui est en rapport avec la chirurgie esth\u00e9tique","potentialAction":[{"@type":"SearchAction","target":{"@type":"EntryPoint","urlTemplate":"https:\/\/www.medespoir.ch\/blog\/?s={search_term_string}"},"query-input":{"@type":"PropertyValueSpecification","valueRequired":true,"valueName":"search_term_string"}}],"inLanguage":"fr-FR"},{"@type":"Person","@id":"https:\/\/www.medespoir.ch\/blog\/#\/schema\/person\/f3137c0efad7e01f4f09954e4fe5fcaf","name":"Medespoir","image":{"@type":"ImageObject","inLanguage":"fr-FR","@id":"https:\/\/secure.gravatar.com\/avatar\/2749d49026cb64198c0ffdb8c6cf892efeb307abed9491ae51e487581fb6383b?s=96&d=mm&r=g","url":"https:\/\/secure.gravatar.com\/avatar\/2749d49026cb64198c0ffdb8c6cf892efeb307abed9491ae51e487581fb6383b?s=96&d=mm&r=g","contentUrl":"https:\/\/secure.gravatar.com\/avatar\/2749d49026cb64198c0ffdb8c6cf892efeb307abed9491ae51e487581fb6383b?s=96&d=mm&r=g","caption":"Medespoir"},"url":"https:\/\/www.medespoir.ch\/blog\/author\/medespoir\/"}]}},"_links":{"self":[{"href":"https:\/\/www.medespoir.ch\/blog\/wp-json\/wp\/v2\/posts\/2945","targetHints":{"allow":["GET"]}}],"collection":[{"href":"https:\/\/www.medespoir.ch\/blog\/wp-json\/wp\/v2\/posts"}],"about":[{"href":"https:\/\/www.medespoir.ch\/blog\/wp-json\/wp\/v2\/types\/post"}],"author":[{"embeddable":true,"href":"https:\/\/www.medespoir.ch\/blog\/wp-json\/wp\/v2\/users\/2"}],"replies":[{"embeddable":true,"href":"https:\/\/www.medespoir.ch\/blog\/wp-json\/wp\/v2\/comments?post=2945"}],"version-history":[{"count":5,"href":"https:\/\/www.medespoir.ch\/blog\/wp-json\/wp\/v2\/posts\/2945\/revisions"}],"predecessor-version":[{"id":2952,"href":"https:\/\/www.medespoir.ch\/blog\/wp-json\/wp\/v2\/posts\/2945\/revisions\/2952"}],"wp:featuredmedia":[{"embeddable":true,"href":"https:\/\/www.medespoir.ch\/blog\/wp-json\/wp\/v2\/media\/2948"}],"wp:attachment":[{"href":"https:\/\/www.medespoir.ch\/blog\/wp-json\/wp\/v2\/media?parent=2945"}],"wp:term":[{"taxonomy":"category","embeddable":true,"href":"https:\/\/www.medespoir.ch\/blog\/wp-json\/wp\/v2\/categories?post=2945"},{"taxonomy":"post_tag","embeddable":true,"href":"https:\/\/www.medespoir.ch\/blog\/wp-json\/wp\/v2\/tags?post=2945"}],"curies":[{"name":"wp","href":"https:\/\/api.w.org\/{rel}","templated":true}]}}