{"id":3266,"date":"2023-02-21T11:41:44","date_gmt":"2023-02-21T10:41:44","guid":{"rendered":"https:\/\/www.medespoir.ch\/blog\/?p=3266"},"modified":"2023-02-21T11:52:28","modified_gmt":"2023-02-21T10:52:28","slug":"prix-blepharoplastie-vaud","status":"publish","type":"post","link":"https:\/\/www.medespoir.ch\/blog\/prix-blepharoplastie-vaud\/","title":{"rendered":"Prix Bl\u00e9pharoplastie Vaud"},"content":{"rendered":"<p>La bl\u00e9pharoplastie esth\u00e9tique \u00e0 Vaud est une intervention de chirurgie plastique qui vise \u00e0 rajeunir l&rsquo;apparence des yeux. Cette op\u00e9ration est de plus en plus populaire en raison de ses r\u00e9sultats remarquables et de sa s\u00e9curit\u00e9. Dans cet article, nous examinerons de pr\u00e8s la bl\u00e9pharoplastie esth\u00e9tique \u00e0 Vaud, y compris les avantages, les risques potentiels, le processus et bien plus encore.<\/p>\n<p>&nbsp;<\/p>\n<h2>Avantages de la bl\u00e9pharoplastie esth\u00e9tique \u00e0 Vaud<\/h2>\n<p>&nbsp;<\/p>\n<p>La bl\u00e9pharoplastie esth\u00e9tique \u00e0 Vaud offre de nombreux avantages pour ceux qui cherchent \u00e0 am\u00e9liorer l&rsquo;apparence de leurs yeux. Voici quelques-uns des principaux avantages de cette op\u00e9ration :<\/p>\n<p>&nbsp;<\/p>\n<ul>\n<li>R\u00e9duction des rides et ridules autour des yeux<\/li>\n<li>\u00c9limination des poches et des cernes sous les yeux<\/li>\n<li>R\u00e9duction des paupi\u00e8res tombantes<\/li>\n<li>Am\u00e9lioration de l&rsquo;apparence g\u00e9n\u00e9rale du visage<\/li>\n<li>Augmentation de la confiance en soi<\/li>\n<\/ul>\n<h2>Processus de la bl\u00e9pharoplastie esth\u00e9tique \u00e0 Vaud<\/h2>\n<p>&nbsp;<\/p>\n<p>La bl\u00e9pharoplastie esth\u00e9tique \u00e0 Vaud est une op\u00e9ration\u00a0 relativement simple qui peut \u00eatre effectu\u00e9e en ambulatoire. Le processus commence par une consultation avec un chirurgien plasticien qualifi\u00e9, qui \u00e9valuera votre \u00e9tat de sant\u00e9 et vous fournira des informations sur l&rsquo;op\u00e9ration. Si vous d\u00e9cidez de proc\u00e9der, vous serez alors plac\u00e9 sous anesth\u00e9sie locale ou g\u00e9n\u00e9rale.<\/p>\n<p>&nbsp;<\/p>\n<p>Une fois l&rsquo;anesth\u00e9sie administr\u00e9e, le chirurgien effectuera une incision le long de la ligne naturelle de vos paupi\u00e8res. \u00c0 travers cette incision, il enl\u00e8vera l&rsquo;exc\u00e8s de peau, de graisse et de muscle pour cr\u00e9er une apparence plus jeune et plus \u00e9nergique.<\/p>\n<p>&nbsp;<\/p>\n<h2>Risques de la bl\u00e9pharoplastie esth\u00e9tique \u00e0 Vaud<\/h2>\n<p>Bien que la bl\u00e9pharoplastie esth\u00e9tique soit g\u00e9n\u00e9ralement s\u00fbre, il existe certains risques potentiels, tels que l&rsquo;infection, l&rsquo;h\u00e9matome, la douleur, les cicatrices visibles, la sensibilit\u00e9 accrue aux lumi\u00e8res vives et la difficult\u00e9 \u00e0 fermer les yeux compl\u00e8tement. Il est important de discuter de ces risques avec votre chirurgien plasticien avant de d\u00e9cider de subir l&rsquo;op\u00e9ration<\/p>\n<p>Les risques que vous devriez prendre en consid\u00e9ration avant de vous engager incluent :<\/p>\n<p>&nbsp;<\/p>\n<ul>\n<li>Infection<\/li>\n<li>H\u00e9matome<\/li>\n<li>Douleur<\/li>\n<li>Cicatrices visibles<\/li>\n<li>Sensibilit\u00e9 accrue aux lumi\u00e8res vives<\/li>\n<li>Difficult\u00e9 \u00e0 fermer les yeux compl\u00e8tement<\/li>\n<\/ul>\n<h2>Questions fr\u00e9quemment pos\u00e9es<\/h2>\n<p>&nbsp;<\/p>\n<h2>Bons candidats pour la bl\u00e9pharoplastie esth\u00e9tique \u00e0 Vaud ?<\/h2>\n<p>&nbsp;<\/p>\n<p>Les candidats id\u00e9aux pour la bl\u00e9pharoplastie esth\u00e9tique \u00e0 Vaud sont ceux qui ont des paupi\u00e8res tombantes, des poches ou des cernes sous les yeux, ou des rides et ridules autour des yeux. Les candidats doivent \u00eatre en bonne sant\u00e9 globale et avoir des attentes r\u00e9alistes quant aux r\u00e9sultats de l&rsquo;op\u00e9ration.<\/p>\n<p>&nbsp;<\/p>\n<h2>Combien de temps dure la r\u00e9cup\u00e9ration de la bl\u00e9pharoplastie esth\u00e9tique \u00e0 Vaud ?<\/h2>\n<p>&nbsp;<\/p>\n<p>La dur\u00e9e de r\u00e9cup\u00e9ration apr\u00e8s une bl\u00e9pharoplastie esth\u00e9tique dans le canton de Vaud peut varier en fonction de la complexit\u00e9 de l&rsquo;intervention. En g\u00e9n\u00e9ral, il faut compter environ 7 \u00e0 10 jours pour que la plupart des personnes se r\u00e9tablissent apr\u00e8s l&rsquo;op\u00e9ration. Cependant, pour des interventions plus complexes, le temps de r\u00e9cup\u00e9ration peut \u00eatre compris entre 5 et 20 jours. De plus, en ce qui concerne la chirurgie Trans conjonctivale, une technique plus r\u00e9cente, la dur\u00e9e de r\u00e9cup\u00e9ration se r\u00e9duit g\u00e9n\u00e9ralement \u00e0 3 \u00e0 7 jours. Il est important de noter que le patient devra se tenir \u00e0 l&rsquo;\u00e9cart des activit\u00e9s comme la baignade ou les bains chauds pendant au moins un mois et que le r\u00e9sultat final est g\u00e9n\u00e9ralement obtenu dans les 3 \u00e0 6 mois qui suivent.<\/p>\n<h2>Qui est un bon candidat pour la bl\u00e9pharoplastie esth\u00e9tique ?<\/h2>\n<p>&nbsp;<\/p>\n<p>Les candidats id\u00e9aux pour la bl\u00e9pharoplastie esth\u00e9tique sont ceux qui ont des paupi\u00e8res tombantes, des poches ou des cernes sous les yeux, ou des rides et ridules autour des yeux. Les candidats doivent \u00eatre en bonne sant\u00e9 globale et avoir des attentes r\u00e9alistes quant aux r\u00e9sultats de l&rsquo;op\u00e9ration.<\/p>\n<p>&nbsp;<\/p>\n<h2>Quelles sont les pr\u00e9cautions \u00e0 prendre avant la bl\u00e9pharoplastie esth\u00e9tique ?<\/h2>\n<p>&nbsp;<\/p>\n<p>Il est important de suivre les instructions de votre chirurgien plasticien avant l&rsquo;op\u00e9ration. Cela peut inclure l&rsquo;arr\u00eat de certains m\u00e9dicaments, l&rsquo;arr\u00eat de fumer et la limitation de la consommation d&rsquo;alcool. Vous devriez \u00e9galement vous assurer d&rsquo;avoir quelqu&rsquo;un pour vous conduire \u00e0 la maison apr\u00e8s l&rsquo;op\u00e9ration.<\/p>\n<p>&nbsp;<\/p>\n<h2>Quel est le temps de r\u00e9cup\u00e9ration apr\u00e8s la bl\u00e9pharoplastie esth\u00e9tique ?<\/h2>\n<p>&nbsp;<\/p>\n<p>La r\u00e9cup\u00e9ration de la bl\u00e9pharoplastie esth\u00e9tique varie d&rsquo;un patient \u00e0 l&rsquo;autre, mais la plupart des patients peuvent retourner au travail et aux activit\u00e9s normales dans environ une semaine. Les ecchymoses et le gonflement peuvent persister pendant plusieurs semaines.<\/p>\n<p>&nbsp;<\/p>\n<h2>Combien de temps dure l&rsquo;effet de la bl\u00e9pharoplastie esth\u00e9tique ?<\/h2>\n<p>&nbsp;<\/p>\n<p>Les r\u00e9sultats de la bl\u00e9pharoplastie esth\u00e9tique peuvent durer de nombreuses ann\u00e9es, mais ils ne sont pas permanents. Le processus de vieillissement naturel peut r\u00e9duire les r\u00e9sultats de l&rsquo;op\u00e9ration au fil du temps.<\/p>\n<p>&nbsp;<\/p>\n<h2>Prix bl\u00e9pharoplastie Vaud<\/h2>\n<p><b>Le cout de bl\u00e9pharoplastie pour une bl\u00e9pharoplastie<\/b> sup\u00e9rieure varie entre 2 000\u20ac (environ 2000 CHF) \u00e0 4 200\u20ac\u00a0 (environ 4000 CHF) pour 1 ou 2 paupi\u00e8res . Pour une <b>Bl\u00e9pharoplastie<\/b> inf\u00e9rieure celle-ci varie entre 2 000 euros environ 2000 CHF \u00e0 4 200\u20ac (1 ou 2 paupi\u00e8res) environ 4200 CHF. Pour une bl\u00e9pharoplastie 4 paupi\u00e8res la chirurgie des paupi\u00e8res sup\u00e9rieures et inf\u00e9rieures coute entre 3 500\u20ac (environ 3500 CHF) \u00e0 5 000\u20ac (environ 5000 CHF).<\/p>\n<p>&nbsp;<\/p>\n<p>&nbsp;<\/p>\n","protected":false},"excerpt":{"rendered":"<p>La bl\u00e9pharoplastie esth\u00e9tique \u00e0 Vaud est une intervention de chirurgie plastique qui vise \u00e0 rajeunir l&rsquo;apparence des yeux. Cette op\u00e9ration est de plus en plus populaire en raison de ses r\u00e9sultats remarquables et de sa s\u00e9curit\u00e9. Dans cet article, nous examinerons de pr\u00e8s la bl\u00e9pharoplastie esth\u00e9tique \u00e0 Vaud, y compris les avantages, les risques potentiels, le processus et bien plus encore. &nbsp; Avantages de la bl\u00e9pharoplastie esth\u00e9tique \u00e0 Vaud &nbsp; La bl\u00e9pharoplastie esth\u00e9tique \u00e0 Vaud offre de nombreux avantages pour&#8230;<\/p>\n<p class=\"read-more\"><a class=\"btn btn-default\" href=\"https:\/\/www.medespoir.ch\/blog\/prix-blepharoplastie-vaud\/\">Lire la suite<span class=\"screen-reader-text\"> Lire la suite<\/span><\/a><\/p>\n","protected":false},"author":2,"featured_media":3269,"comment_status":"closed","ping_status":"closed","sticky":false,"template":"","format":"standard","meta":{"footnotes":""},"categories":[1],"tags":[],"class_list":["post-3266","post","type-post","status-publish","format-standard","has-post-thumbnail","hentry","category-non-classifiee"],"yoast_head":"<!-- This site is optimized with the Yoast SEO plugin v27.5 - https:\/\/yoast.com\/product\/yoast-seo-wordpress\/ -->\n<title>Prix Bl\u00e9pharoplastie Vaud - Actualit\u00e9s<\/title>\n<meta name=\"robots\" content=\"index, follow, max-snippet:-1, max-image-preview:large, max-video-preview:-1\" \/>\n<link rel=\"canonical\" href=\"https:\/\/www.medespoir.ch\/blog\/prix-blepharoplastie-vaud\/\" \/>\n<meta property=\"og:locale\" content=\"fr_FR\" \/>\n<meta property=\"og:type\" content=\"article\" \/>\n<meta property=\"og:title\" content=\"Prix Bl\u00e9pharoplastie Vaud - Actualit\u00e9s\" \/>\n<meta property=\"og:description\" content=\"La bl\u00e9pharoplastie esth\u00e9tique \u00e0 Vaud est une intervention de chirurgie plastique qui vise \u00e0 rajeunir l&rsquo;apparence des yeux. Cette op\u00e9ration est de plus en plus populaire en raison de ses r\u00e9sultats remarquables et de sa s\u00e9curit\u00e9. Dans cet article, nous examinerons de pr\u00e8s la bl\u00e9pharoplastie esth\u00e9tique \u00e0 Vaud, y compris les avantages, les risques potentiels, le processus et bien plus encore. &nbsp; Avantages de la bl\u00e9pharoplastie esth\u00e9tique \u00e0 Vaud &nbsp; La bl\u00e9pharoplastie esth\u00e9tique \u00e0 Vaud offre de nombreux avantages pour...Lire la suite Lire la suite\" \/>\n<meta property=\"og:url\" content=\"https:\/\/www.medespoir.ch\/blog\/prix-blepharoplastie-vaud\/\" \/>\n<meta property=\"og:site_name\" content=\"Actualit\u00e9s\" \/>\n<meta property=\"article:published_time\" content=\"2023-02-21T10:41:44+00:00\" \/>\n<meta property=\"article:modified_time\" content=\"2023-02-21T10:52:28+00:00\" \/>\n<meta property=\"og:image\" content=\"https:\/\/www.medespoir.ch\/blog\/wp-content\/uploads\/2023\/02\/blepharoplastie.jpg\" \/>\n\t<meta property=\"og:image:width\" content=\"768\" \/>\n\t<meta property=\"og:image:height\" content=\"349\" \/>\n\t<meta property=\"og:image:type\" content=\"image\/jpeg\" \/>\n<meta name=\"author\" content=\"Medespoir\" \/>\n<meta name=\"twitter:card\" content=\"summary_large_image\" \/>\n<meta name=\"twitter:label1\" content=\"\u00c9crit par\" \/>\n\t<meta name=\"twitter:data1\" content=\"Medespoir\" \/>\n\t<meta name=\"twitter:label2\" content=\"Dur\u00e9e de lecture estim\u00e9e\" \/>\n\t<meta name=\"twitter:data2\" content=\"5 minutes\" \/>\n<script type=\"application\/ld+json\" class=\"yoast-schema-graph\">{\"@context\":\"https:\\\/\\\/schema.org\",\"@graph\":[{\"@type\":\"Article\",\"@id\":\"https:\\\/\\\/www.medespoir.ch\\\/blog\\\/prix-blepharoplastie-vaud\\\/#article\",\"isPartOf\":{\"@id\":\"https:\\\/\\\/www.medespoir.ch\\\/blog\\\/prix-blepharoplastie-vaud\\\/\"},\"author\":{\"name\":\"Medespoir\",\"@id\":\"https:\\\/\\\/www.medespoir.ch\\\/blog\\\/#\\\/schema\\\/person\\\/f3137c0efad7e01f4f09954e4fe5fcaf\"},\"headline\":\"Prix Bl\u00e9pharoplastie Vaud\",\"datePublished\":\"2023-02-21T10:41:44+00:00\",\"dateModified\":\"2023-02-21T10:52:28+00:00\",\"mainEntityOfPage\":{\"@id\":\"https:\\\/\\\/www.medespoir.ch\\\/blog\\\/prix-blepharoplastie-vaud\\\/\"},\"wordCount\":912,\"image\":{\"@id\":\"https:\\\/\\\/www.medespoir.ch\\\/blog\\\/prix-blepharoplastie-vaud\\\/#primaryimage\"},\"thumbnailUrl\":\"https:\\\/\\\/www.medespoir.ch\\\/blog\\\/wp-content\\\/uploads\\\/2023\\\/02\\\/blepharoplastie.jpg\",\"articleSection\":[\"Non classifi\u00e9(e)\"],\"inLanguage\":\"fr-FR\"},{\"@type\":\"WebPage\",\"@id\":\"https:\\\/\\\/www.medespoir.ch\\\/blog\\\/prix-blepharoplastie-vaud\\\/\",\"url\":\"https:\\\/\\\/www.medespoir.ch\\\/blog\\\/prix-blepharoplastie-vaud\\\/\",\"name\":\"Prix Bl\u00e9pharoplastie Vaud - Actualit\u00e9s\",\"isPartOf\":{\"@id\":\"https:\\\/\\\/www.medespoir.ch\\\/blog\\\/#website\"},\"primaryImageOfPage\":{\"@id\":\"https:\\\/\\\/www.medespoir.ch\\\/blog\\\/prix-blepharoplastie-vaud\\\/#primaryimage\"},\"image\":{\"@id\":\"https:\\\/\\\/www.medespoir.ch\\\/blog\\\/prix-blepharoplastie-vaud\\\/#primaryimage\"},\"thumbnailUrl\":\"https:\\\/\\\/www.medespoir.ch\\\/blog\\\/wp-content\\\/uploads\\\/2023\\\/02\\\/blepharoplastie.jpg\",\"datePublished\":\"2023-02-21T10:41:44+00:00\",\"dateModified\":\"2023-02-21T10:52:28+00:00\",\"author\":{\"@id\":\"https:\\\/\\\/www.medespoir.ch\\\/blog\\\/#\\\/schema\\\/person\\\/f3137c0efad7e01f4f09954e4fe5fcaf\"},\"breadcrumb\":{\"@id\":\"https:\\\/\\\/www.medespoir.ch\\\/blog\\\/prix-blepharoplastie-vaud\\\/#breadcrumb\"},\"inLanguage\":\"fr-FR\",\"potentialAction\":[{\"@type\":\"ReadAction\",\"target\":[\"https:\\\/\\\/www.medespoir.ch\\\/blog\\\/prix-blepharoplastie-vaud\\\/\"]}]},{\"@type\":\"ImageObject\",\"inLanguage\":\"fr-FR\",\"@id\":\"https:\\\/\\\/www.medespoir.ch\\\/blog\\\/prix-blepharoplastie-vaud\\\/#primaryimage\",\"url\":\"https:\\\/\\\/www.medespoir.ch\\\/blog\\\/wp-content\\\/uploads\\\/2023\\\/02\\\/blepharoplastie.jpg\",\"contentUrl\":\"https:\\\/\\\/www.medespoir.ch\\\/blog\\\/wp-content\\\/uploads\\\/2023\\\/02\\\/blepharoplastie.jpg\",\"width\":768,\"height\":349,\"caption\":\"Bl\u00e9pharoplastie\"},{\"@type\":\"BreadcrumbList\",\"@id\":\"https:\\\/\\\/www.medespoir.ch\\\/blog\\\/prix-blepharoplastie-vaud\\\/#breadcrumb\",\"itemListElement\":[{\"@type\":\"ListItem\",\"position\":1,\"name\":\"Accueil\",\"item\":\"https:\\\/\\\/www.medespoir.ch\\\/blog\\\/\"},{\"@type\":\"ListItem\",\"position\":2,\"name\":\"Prix Bl\u00e9pharoplastie Vaud\"}]},{\"@type\":\"WebSite\",\"@id\":\"https:\\\/\\\/www.medespoir.ch\\\/blog\\\/#website\",\"url\":\"https:\\\/\\\/www.medespoir.ch\\\/blog\\\/\",\"name\":\"Actualit\u00e9s\",\"description\":\"tout ce qui est en rapport avec la chirurgie esth\u00e9tique\",\"potentialAction\":[{\"@type\":\"SearchAction\",\"target\":{\"@type\":\"EntryPoint\",\"urlTemplate\":\"https:\\\/\\\/www.medespoir.ch\\\/blog\\\/?s={search_term_string}\"},\"query-input\":{\"@type\":\"PropertyValueSpecification\",\"valueRequired\":true,\"valueName\":\"search_term_string\"}}],\"inLanguage\":\"fr-FR\"},{\"@type\":\"Person\",\"@id\":\"https:\\\/\\\/www.medespoir.ch\\\/blog\\\/#\\\/schema\\\/person\\\/f3137c0efad7e01f4f09954e4fe5fcaf\",\"name\":\"Medespoir\",\"image\":{\"@type\":\"ImageObject\",\"inLanguage\":\"fr-FR\",\"@id\":\"https:\\\/\\\/secure.gravatar.com\\\/avatar\\\/2749d49026cb64198c0ffdb8c6cf892efeb307abed9491ae51e487581fb6383b?s=96&d=mm&r=g\",\"url\":\"https:\\\/\\\/secure.gravatar.com\\\/avatar\\\/2749d49026cb64198c0ffdb8c6cf892efeb307abed9491ae51e487581fb6383b?s=96&d=mm&r=g\",\"contentUrl\":\"https:\\\/\\\/secure.gravatar.com\\\/avatar\\\/2749d49026cb64198c0ffdb8c6cf892efeb307abed9491ae51e487581fb6383b?s=96&d=mm&r=g\",\"caption\":\"Medespoir\"},\"url\":\"https:\\\/\\\/www.medespoir.ch\\\/blog\\\/author\\\/medespoir\\\/\"}]}<\/script>\n<!-- \/ Yoast SEO plugin. -->","yoast_head_json":{"title":"Prix Bl\u00e9pharoplastie Vaud - Actualit\u00e9s","robots":{"index":"index","follow":"follow","max-snippet":"max-snippet:-1","max-image-preview":"max-image-preview:large","max-video-preview":"max-video-preview:-1"},"canonical":"https:\/\/www.medespoir.ch\/blog\/prix-blepharoplastie-vaud\/","og_locale":"fr_FR","og_type":"article","og_title":"Prix Bl\u00e9pharoplastie Vaud - Actualit\u00e9s","og_description":"La bl\u00e9pharoplastie esth\u00e9tique \u00e0 Vaud est une intervention de chirurgie plastique qui vise \u00e0 rajeunir l&rsquo;apparence des yeux. Cette op\u00e9ration est de plus en plus populaire en raison de ses r\u00e9sultats remarquables et de sa s\u00e9curit\u00e9. Dans cet article, nous examinerons de pr\u00e8s la bl\u00e9pharoplastie esth\u00e9tique \u00e0 Vaud, y compris les avantages, les risques potentiels, le processus et bien plus encore. &nbsp; Avantages de la bl\u00e9pharoplastie esth\u00e9tique \u00e0 Vaud &nbsp; La bl\u00e9pharoplastie esth\u00e9tique \u00e0 Vaud offre de nombreux avantages pour...Lire la suite Lire la suite","og_url":"https:\/\/www.medespoir.ch\/blog\/prix-blepharoplastie-vaud\/","og_site_name":"Actualit\u00e9s","article_published_time":"2023-02-21T10:41:44+00:00","article_modified_time":"2023-02-21T10:52:28+00:00","og_image":[{"width":768,"height":349,"url":"https:\/\/www.medespoir.ch\/blog\/wp-content\/uploads\/2023\/02\/blepharoplastie.jpg","type":"image\/jpeg"}],"author":"Medespoir","twitter_card":"summary_large_image","twitter_misc":{"\u00c9crit par":"Medespoir","Dur\u00e9e de lecture estim\u00e9e":"5 minutes"},"schema":{"@context":"https:\/\/schema.org","@graph":[{"@type":"Article","@id":"https:\/\/www.medespoir.ch\/blog\/prix-blepharoplastie-vaud\/#article","isPartOf":{"@id":"https:\/\/www.medespoir.ch\/blog\/prix-blepharoplastie-vaud\/"},"author":{"name":"Medespoir","@id":"https:\/\/www.medespoir.ch\/blog\/#\/schema\/person\/f3137c0efad7e01f4f09954e4fe5fcaf"},"headline":"Prix Bl\u00e9pharoplastie Vaud","datePublished":"2023-02-21T10:41:44+00:00","dateModified":"2023-02-21T10:52:28+00:00","mainEntityOfPage":{"@id":"https:\/\/www.medespoir.ch\/blog\/prix-blepharoplastie-vaud\/"},"wordCount":912,"image":{"@id":"https:\/\/www.medespoir.ch\/blog\/prix-blepharoplastie-vaud\/#primaryimage"},"thumbnailUrl":"https:\/\/www.medespoir.ch\/blog\/wp-content\/uploads\/2023\/02\/blepharoplastie.jpg","articleSection":["Non classifi\u00e9(e)"],"inLanguage":"fr-FR"},{"@type":"WebPage","@id":"https:\/\/www.medespoir.ch\/blog\/prix-blepharoplastie-vaud\/","url":"https:\/\/www.medespoir.ch\/blog\/prix-blepharoplastie-vaud\/","name":"Prix Bl\u00e9pharoplastie Vaud - Actualit\u00e9s","isPartOf":{"@id":"https:\/\/www.medespoir.ch\/blog\/#website"},"primaryImageOfPage":{"@id":"https:\/\/www.medespoir.ch\/blog\/prix-blepharoplastie-vaud\/#primaryimage"},"image":{"@id":"https:\/\/www.medespoir.ch\/blog\/prix-blepharoplastie-vaud\/#primaryimage"},"thumbnailUrl":"https:\/\/www.medespoir.ch\/blog\/wp-content\/uploads\/2023\/02\/blepharoplastie.jpg","datePublished":"2023-02-21T10:41:44+00:00","dateModified":"2023-02-21T10:52:28+00:00","author":{"@id":"https:\/\/www.medespoir.ch\/blog\/#\/schema\/person\/f3137c0efad7e01f4f09954e4fe5fcaf"},"breadcrumb":{"@id":"https:\/\/www.medespoir.ch\/blog\/prix-blepharoplastie-vaud\/#breadcrumb"},"inLanguage":"fr-FR","potentialAction":[{"@type":"ReadAction","target":["https:\/\/www.medespoir.ch\/blog\/prix-blepharoplastie-vaud\/"]}]},{"@type":"ImageObject","inLanguage":"fr-FR","@id":"https:\/\/www.medespoir.ch\/blog\/prix-blepharoplastie-vaud\/#primaryimage","url":"https:\/\/www.medespoir.ch\/blog\/wp-content\/uploads\/2023\/02\/blepharoplastie.jpg","contentUrl":"https:\/\/www.medespoir.ch\/blog\/wp-content\/uploads\/2023\/02\/blepharoplastie.jpg","width":768,"height":349,"caption":"Bl\u00e9pharoplastie"},{"@type":"BreadcrumbList","@id":"https:\/\/www.medespoir.ch\/blog\/prix-blepharoplastie-vaud\/#breadcrumb","itemListElement":[{"@type":"ListItem","position":1,"name":"Accueil","item":"https:\/\/www.medespoir.ch\/blog\/"},{"@type":"ListItem","position":2,"name":"Prix Bl\u00e9pharoplastie Vaud"}]},{"@type":"WebSite","@id":"https:\/\/www.medespoir.ch\/blog\/#website","url":"https:\/\/www.medespoir.ch\/blog\/","name":"Actualit\u00e9s","description":"tout ce qui est en rapport avec la chirurgie esth\u00e9tique","potentialAction":[{"@type":"SearchAction","target":{"@type":"EntryPoint","urlTemplate":"https:\/\/www.medespoir.ch\/blog\/?s={search_term_string}"},"query-input":{"@type":"PropertyValueSpecification","valueRequired":true,"valueName":"search_term_string"}}],"inLanguage":"fr-FR"},{"@type":"Person","@id":"https:\/\/www.medespoir.ch\/blog\/#\/schema\/person\/f3137c0efad7e01f4f09954e4fe5fcaf","name":"Medespoir","image":{"@type":"ImageObject","inLanguage":"fr-FR","@id":"https:\/\/secure.gravatar.com\/avatar\/2749d49026cb64198c0ffdb8c6cf892efeb307abed9491ae51e487581fb6383b?s=96&d=mm&r=g","url":"https:\/\/secure.gravatar.com\/avatar\/2749d49026cb64198c0ffdb8c6cf892efeb307abed9491ae51e487581fb6383b?s=96&d=mm&r=g","contentUrl":"https:\/\/secure.gravatar.com\/avatar\/2749d49026cb64198c0ffdb8c6cf892efeb307abed9491ae51e487581fb6383b?s=96&d=mm&r=g","caption":"Medespoir"},"url":"https:\/\/www.medespoir.ch\/blog\/author\/medespoir\/"}]}},"_links":{"self":[{"href":"https:\/\/www.medespoir.ch\/blog\/wp-json\/wp\/v2\/posts\/3266","targetHints":{"allow":["GET"]}}],"collection":[{"href":"https:\/\/www.medespoir.ch\/blog\/wp-json\/wp\/v2\/posts"}],"about":[{"href":"https:\/\/www.medespoir.ch\/blog\/wp-json\/wp\/v2\/types\/post"}],"author":[{"embeddable":true,"href":"https:\/\/www.medespoir.ch\/blog\/wp-json\/wp\/v2\/users\/2"}],"replies":[{"embeddable":true,"href":"https:\/\/www.medespoir.ch\/blog\/wp-json\/wp\/v2\/comments?post=3266"}],"version-history":[{"count":4,"href":"https:\/\/www.medespoir.ch\/blog\/wp-json\/wp\/v2\/posts\/3266\/revisions"}],"predecessor-version":[{"id":3271,"href":"https:\/\/www.medespoir.ch\/blog\/wp-json\/wp\/v2\/posts\/3266\/revisions\/3271"}],"wp:featuredmedia":[{"embeddable":true,"href":"https:\/\/www.medespoir.ch\/blog\/wp-json\/wp\/v2\/media\/3269"}],"wp:attachment":[{"href":"https:\/\/www.medespoir.ch\/blog\/wp-json\/wp\/v2\/media?parent=3266"}],"wp:term":[{"taxonomy":"category","embeddable":true,"href":"https:\/\/www.medespoir.ch\/blog\/wp-json\/wp\/v2\/categories?post=3266"},{"taxonomy":"post_tag","embeddable":true,"href":"https:\/\/www.medespoir.ch\/blog\/wp-json\/wp\/v2\/tags?post=3266"}],"curies":[{"name":"wp","href":"https:\/\/api.w.org\/{rel}","templated":true}]}}