{"id":3416,"date":"2023-04-04T12:00:01","date_gmt":"2023-04-04T10:00:01","guid":{"rendered":"https:\/\/www.medespoir.ch\/blog\/?p=3416"},"modified":"2023-04-04T15:41:33","modified_gmt":"2023-04-04T13:41:33","slug":"isabelle-boulay-chirurgie-esthetique","status":"publish","type":"post","link":"https:\/\/www.medespoir.ch\/blog\/isabelle-boulay-chirurgie-esthetique\/","title":{"rendered":"Isabelle Boulay ne dit pas non \u00e0 la chirurgie esth\u00e9tique : elle en parle sans tabou"},"content":{"rendered":"<p>Le samedi dernier,\u00a0 Isabelle Boulay s&rsquo;est pr\u00e9sent\u00e9e en tant qu&rsquo;invit\u00e9e sur l&rsquo;\u00e9mission phare \u00ab\u00a0On refait la t\u00e9l\u00e9\u00a0\u00bb diffus\u00e9e sur RTL. Durant cette entrevue, l&rsquo;artiste a consenti \u00e0 discuter de quelques-uns de ses complexes, elle a parl\u00e9 \u00e9galement de son partenaire actuellement ministre de justice <a class=\"FLP8od\" href=\"https:\/\/www.google.fr\/search?q=%C3%89ric+Dupond-Moretti&amp;stick=H4sIAAAAAAAAAONgVuLWT9c3NDIsK0qpynvEaMYt8PLHPWEp3UlrTl5jVOfiCs7IL3fNK8ksqRSS5GKDsvileLmQ9fEsYhU53FmUmazgUlqQn5ei65tflFpSkgkAPPZ7el8AAAA&amp;sa=X&amp;ved=2ahUKEwiw7M_ZhZD-AhXz9bsIHUInCNsQzIcDKAB6BAgnEAE\" data-ved=\"2ahUKEwiw7M_ZhZD-AhXz9bsIHUInCNsQzIcDKAB6BAgnEAE\">\u00c9ric Dupond-Moretti<\/a>. Le 17 mars dernier, Madame Boulay a d\u00e9voil\u00e9 son nouvel opus \u00ab Les chevaux du plaisir \u00bb, une compilation de reprises d&rsquo;Alain Bashung, qui \u00e9tait tr\u00e8s attendue par les admirateurs de cette chanteuse qu\u00e9b\u00e9coise. Actuellement en pleine p\u00e9riode de promotion pour son disque, la conjointe d&rsquo;\u00c9ric Dupond-Moretti \u00e9tait pr\u00e9sente sur les ondes de RTL ce week-end pour On refait la t\u00e9l\u00e9. Lors de cet \u00e9change, la quinquag\u00e9naire a reconnu qu&rsquo;elle n&rsquo;a jamais subi de chirurgie esth\u00e9tique jusqu&rsquo;\u00e0 pr\u00e9sent, mais elle n&rsquo;a pas \u00e9cart\u00e9 la possibilit\u00e9 d&rsquo;y recourir un jour sur certaines parties de son visage ou de son corps.<\/p>\n<p>&nbsp;<\/p>\n<p>Lors de cette interview, Isabelle Boulay a \u00e9galement parl\u00e9 de son dernier album en expliquant le choix de son titre ainsi que la signification de celui-ci. Elle a \u00e9galement \u00e9voqu\u00e9 les diff\u00e9rents artistes qui ont influenc\u00e9 sa carri\u00e8re musicale et les collaborations qu&rsquo;elle a pu avoir avec eux. L&rsquo;artiste a \u00e9galement partag\u00e9 ses projets futurs et les d\u00e9fis qu&rsquo;elle souhaite relever dans les prochains mois.<\/p>\n<p>&nbsp;<\/p>\n<p>Au-del\u00e0 de sa carri\u00e8re artistique, Isabelle Boulay a aussi \u00e9voqu\u00e9 sa vie personnelle et son \u00e9quilibre entre sa vie professionnelle et sa vie priv\u00e9e. Elle a partag\u00e9 ses m\u00e9thodes pour g\u00e9rer le stress et pour se ressourcer apr\u00e8s une p\u00e9riode intense de travail.<\/p>\n<p>&nbsp;<\/p>\n<p>L&rsquo;interview s&rsquo;est termin\u00e9e sur une note positive, avec Isabelle Boulay remerciant chaleureusement les animateurs de l&rsquo;\u00e9mission et les auditeurs pour leur soutien. Elle a \u00e9galement exprim\u00e9 sa gratitude envers ses fans pour leur fid\u00e9lit\u00e9 et leur amour inconditionnel \u00e0 son \u00e9gard.<\/p>\n<h2><\/h2>\n<h2>La crainte d&rsquo;une intervention rat\u00e9e<\/h2>\n<p>&nbsp;<\/p>\n<p>Approchant bient\u00f4t de ses 51 ans, Isabelle Boulay d\u00e9voile un \u00e9panouissement sans pr\u00e9c\u00e9dent. En \u00e9tant profond\u00e9ment amoureuse, la chanteuse partage sa vie entre le Canada et la France, l\u00e0 o\u00f9 r\u00e9side l&rsquo;\u00e9lu de son c\u0153ur. La chanteuse, aux cheveux de feu et \u00e0 la beaut\u00e9 \u00e9blouissante, se questionne toujours sur une \u00e9ventuelle intervention de chirurgie esth\u00e9tique.<\/p>\n<p>&nbsp;<\/p>\n<p>\u00ab\u00a0J&rsquo;ai seulement eu un traitement d&rsquo;orthodontie et cela m&rsquo;a rendu presque folle, imaginez-vous\u00a0\u00bb, explique-t-elle avant d&rsquo;ajouter qu&rsquo;elle n&rsquo;\u00e9tait \u00ab\u00a0pas oppos\u00e9e\u00a0\u00bb \u00e0 cette m\u00e9thode. Toutefois, l&rsquo;artiste qui interpr\u00e8te \u00ab\u00a0Je t&rsquo;oublierai\u00a0\u00bb avoue avoir \u00ab\u00a0une tr\u00e8s tr\u00e8s grande appr\u00e9hension quant au r\u00e9sultat\u00a0\u00bb de cette intervention.\u00a0\u00a0\u00ab\u00a0Je trouve \u00e7a moins souvent r\u00e9ussi que r\u00e9ussi.\u00a0\u00bb Continue-t-elle.<\/p>\n<p>&nbsp;<\/p>\n<h2>\u00ab\u00a0Je vois ce qu&rsquo;il y a \u00e0 refaire\u00a0\u00bb<\/h2>\n<p>&nbsp;<\/p>\n<p>En fait, j&rsquo;ai tr\u00e8s bien en t\u00eate ce que je me ferai refaire, mais je ne vous le dirai pas, car vous seriez justement \u00e0 l&rsquo;aff\u00fbt de ces zones, a confi\u00e9 Isabelle Boulay en gardant un certain myst\u00e8re.<\/p>\n<p>&nbsp;<\/p>\n<p>M\u00eame si elle est \u00ab\u00a0\u00e0 l&rsquo;aise avec son \u00e2ge\u00a0\u00bb, la chanteuse souhaiterait toutefois corriger certains petits d\u00e9fauts. \u00ab\u00a0Je vois ce qu&rsquo;il y a \u00e0 refaire\u00a0\u00bb, pr\u00e9cise-t-elle avant d&rsquo;admettre qu&rsquo;elle ne le\u00a0\u00ab\u00a0fait pas\u00a0\u00bb et qu&rsquo;elle est donc \u00ab\u00a0une r\u00e9sistante\u00a0\u00bb.<\/p>\n<p>Convi\u00e9 \u00e0 participer \u00e0 une \u00e9mission phare, l&rsquo;artiste s&rsquo;est \u00e9galement rendue sur le plateau des Enfants de la t\u00e9l\u00e9 en compagnie de Vincent Niclo et Michel Denisot, ce dimanche 2 avril 2023.<\/p>\n","protected":false},"excerpt":{"rendered":"<p>Le samedi dernier,\u00a0 Isabelle Boulay s&rsquo;est pr\u00e9sent\u00e9e en tant qu&rsquo;invit\u00e9e sur l&rsquo;\u00e9mission phare \u00ab\u00a0On refait la t\u00e9l\u00e9\u00a0\u00bb diffus\u00e9e sur RTL. Durant cette entrevue, l&rsquo;artiste a consenti \u00e0 discuter de quelques-uns de ses complexes, elle a parl\u00e9 \u00e9galement de son partenaire actuellement ministre de justice \u00c9ric Dupond-Moretti. Le 17 mars dernier, Madame Boulay a d\u00e9voil\u00e9 son nouvel opus \u00ab Les chevaux du plaisir \u00bb, une compilation de reprises d&rsquo;Alain Bashung, qui \u00e9tait tr\u00e8s attendue par les admirateurs de cette chanteuse qu\u00e9b\u00e9coise&#8230;.<\/p>\n<p class=\"read-more\"><a class=\"btn btn-default\" href=\"https:\/\/www.medespoir.ch\/blog\/isabelle-boulay-chirurgie-esthetique\/\">Lire la suite<span class=\"screen-reader-text\"> Lire la suite<\/span><\/a><\/p>\n","protected":false},"author":2,"featured_media":3418,"comment_status":"closed","ping_status":"closed","sticky":false,"template":"","format":"standard","meta":{"footnotes":""},"categories":[1],"tags":[],"class_list":["post-3416","post","type-post","status-publish","format-standard","has-post-thumbnail","hentry","category-non-classifiee"],"yoast_head":"<!-- This site is optimized with the Yoast SEO plugin v27.5 - https:\/\/yoast.com\/product\/yoast-seo-wordpress\/ -->\n<title>Isabelle Boulay chirurgie esth\u00e9tique : elle en parle sans tabou<\/title>\n<meta name=\"description\" content=\"Isabelle Boulay ne dit pas non \u00e0 la chirurgie esth\u00e9tique : elle en parle sans tabou, tout savoir sur la chirurgie esth\u00e9tique\" \/>\n<meta name=\"robots\" content=\"index, follow, max-snippet:-1, max-image-preview:large, max-video-preview:-1\" \/>\n<link rel=\"canonical\" href=\"https:\/\/www.medespoir.ch\/blog\/isabelle-boulay-chirurgie-esthetique\/\" \/>\n<meta property=\"og:locale\" content=\"fr_FR\" \/>\n<meta property=\"og:type\" content=\"article\" \/>\n<meta property=\"og:title\" content=\"Isabelle Boulay chirurgie esth\u00e9tique : elle en parle sans tabou\" \/>\n<meta property=\"og:description\" content=\"Isabelle Boulay ne dit pas non \u00e0 la chirurgie esth\u00e9tique : elle en parle sans tabou, tout savoir sur la chirurgie esth\u00e9tique\" \/>\n<meta property=\"og:url\" content=\"https:\/\/www.medespoir.ch\/blog\/isabelle-boulay-chirurgie-esthetique\/\" \/>\n<meta property=\"og:site_name\" content=\"Actualit\u00e9s\" \/>\n<meta property=\"article:published_time\" content=\"2023-04-04T10:00:01+00:00\" \/>\n<meta property=\"article:modified_time\" content=\"2023-04-04T13:41:33+00:00\" \/>\n<meta property=\"og:image\" content=\"https:\/\/www.medespoir.ch\/blog\/wp-content\/uploads\/2023\/04\/isabelle-boulay.jpg\" \/>\n\t<meta property=\"og:image:width\" content=\"937\" \/>\n\t<meta property=\"og:image:height\" content=\"491\" \/>\n\t<meta property=\"og:image:type\" content=\"image\/jpeg\" \/>\n<meta name=\"author\" content=\"Medespoir\" \/>\n<meta name=\"twitter:card\" content=\"summary_large_image\" \/>\n<meta name=\"twitter:label1\" content=\"\u00c9crit par\" \/>\n\t<meta name=\"twitter:data1\" content=\"Medespoir\" \/>\n\t<meta name=\"twitter:label2\" content=\"Dur\u00e9e de lecture estim\u00e9e\" \/>\n\t<meta name=\"twitter:data2\" content=\"3 minutes\" \/>\n<script type=\"application\/ld+json\" class=\"yoast-schema-graph\">{\"@context\":\"https:\\\/\\\/schema.org\",\"@graph\":[{\"@type\":\"Article\",\"@id\":\"https:\\\/\\\/www.medespoir.ch\\\/blog\\\/isabelle-boulay-chirurgie-esthetique\\\/#article\",\"isPartOf\":{\"@id\":\"https:\\\/\\\/www.medespoir.ch\\\/blog\\\/isabelle-boulay-chirurgie-esthetique\\\/\"},\"author\":{\"name\":\"Medespoir\",\"@id\":\"https:\\\/\\\/www.medespoir.ch\\\/blog\\\/#\\\/schema\\\/person\\\/f3137c0efad7e01f4f09954e4fe5fcaf\"},\"headline\":\"Isabelle Boulay ne dit pas non \u00e0 la chirurgie esth\u00e9tique : elle en parle sans tabou\",\"datePublished\":\"2023-04-04T10:00:01+00:00\",\"dateModified\":\"2023-04-04T13:41:33+00:00\",\"mainEntityOfPage\":{\"@id\":\"https:\\\/\\\/www.medespoir.ch\\\/blog\\\/isabelle-boulay-chirurgie-esthetique\\\/\"},\"wordCount\":588,\"image\":{\"@id\":\"https:\\\/\\\/www.medespoir.ch\\\/blog\\\/isabelle-boulay-chirurgie-esthetique\\\/#primaryimage\"},\"thumbnailUrl\":\"https:\\\/\\\/www.medespoir.ch\\\/blog\\\/wp-content\\\/uploads\\\/2023\\\/04\\\/isabelle-boulay.jpg\",\"articleSection\":[\"Non classifi\u00e9(e)\"],\"inLanguage\":\"fr-FR\"},{\"@type\":\"WebPage\",\"@id\":\"https:\\\/\\\/www.medespoir.ch\\\/blog\\\/isabelle-boulay-chirurgie-esthetique\\\/\",\"url\":\"https:\\\/\\\/www.medespoir.ch\\\/blog\\\/isabelle-boulay-chirurgie-esthetique\\\/\",\"name\":\"Isabelle Boulay chirurgie esth\u00e9tique : elle en parle sans tabou\",\"isPartOf\":{\"@id\":\"https:\\\/\\\/www.medespoir.ch\\\/blog\\\/#website\"},\"primaryImageOfPage\":{\"@id\":\"https:\\\/\\\/www.medespoir.ch\\\/blog\\\/isabelle-boulay-chirurgie-esthetique\\\/#primaryimage\"},\"image\":{\"@id\":\"https:\\\/\\\/www.medespoir.ch\\\/blog\\\/isabelle-boulay-chirurgie-esthetique\\\/#primaryimage\"},\"thumbnailUrl\":\"https:\\\/\\\/www.medespoir.ch\\\/blog\\\/wp-content\\\/uploads\\\/2023\\\/04\\\/isabelle-boulay.jpg\",\"datePublished\":\"2023-04-04T10:00:01+00:00\",\"dateModified\":\"2023-04-04T13:41:33+00:00\",\"author\":{\"@id\":\"https:\\\/\\\/www.medespoir.ch\\\/blog\\\/#\\\/schema\\\/person\\\/f3137c0efad7e01f4f09954e4fe5fcaf\"},\"description\":\"Isabelle Boulay ne dit pas non \u00e0 la chirurgie esth\u00e9tique : elle en parle sans tabou, tout savoir sur la chirurgie esth\u00e9tique\",\"breadcrumb\":{\"@id\":\"https:\\\/\\\/www.medespoir.ch\\\/blog\\\/isabelle-boulay-chirurgie-esthetique\\\/#breadcrumb\"},\"inLanguage\":\"fr-FR\",\"potentialAction\":[{\"@type\":\"ReadAction\",\"target\":[\"https:\\\/\\\/www.medespoir.ch\\\/blog\\\/isabelle-boulay-chirurgie-esthetique\\\/\"]}]},{\"@type\":\"ImageObject\",\"inLanguage\":\"fr-FR\",\"@id\":\"https:\\\/\\\/www.medespoir.ch\\\/blog\\\/isabelle-boulay-chirurgie-esthetique\\\/#primaryimage\",\"url\":\"https:\\\/\\\/www.medespoir.ch\\\/blog\\\/wp-content\\\/uploads\\\/2023\\\/04\\\/isabelle-boulay.jpg\",\"contentUrl\":\"https:\\\/\\\/www.medespoir.ch\\\/blog\\\/wp-content\\\/uploads\\\/2023\\\/04\\\/isabelle-boulay.jpg\",\"width\":937,\"height\":491,\"caption\":\"isabelle boulay chirurgie esth\u00e9tque\"},{\"@type\":\"BreadcrumbList\",\"@id\":\"https:\\\/\\\/www.medespoir.ch\\\/blog\\\/isabelle-boulay-chirurgie-esthetique\\\/#breadcrumb\",\"itemListElement\":[{\"@type\":\"ListItem\",\"position\":1,\"name\":\"Accueil\",\"item\":\"https:\\\/\\\/www.medespoir.ch\\\/blog\\\/\"},{\"@type\":\"ListItem\",\"position\":2,\"name\":\"Isabelle Boulay ne dit pas non \u00e0 la chirurgie esth\u00e9tique : elle en parle sans tabou\"}]},{\"@type\":\"WebSite\",\"@id\":\"https:\\\/\\\/www.medespoir.ch\\\/blog\\\/#website\",\"url\":\"https:\\\/\\\/www.medespoir.ch\\\/blog\\\/\",\"name\":\"Actualit\u00e9s\",\"description\":\"tout ce qui est en rapport avec la chirurgie esth\u00e9tique\",\"potentialAction\":[{\"@type\":\"SearchAction\",\"target\":{\"@type\":\"EntryPoint\",\"urlTemplate\":\"https:\\\/\\\/www.medespoir.ch\\\/blog\\\/?s={search_term_string}\"},\"query-input\":{\"@type\":\"PropertyValueSpecification\",\"valueRequired\":true,\"valueName\":\"search_term_string\"}}],\"inLanguage\":\"fr-FR\"},{\"@type\":\"Person\",\"@id\":\"https:\\\/\\\/www.medespoir.ch\\\/blog\\\/#\\\/schema\\\/person\\\/f3137c0efad7e01f4f09954e4fe5fcaf\",\"name\":\"Medespoir\",\"image\":{\"@type\":\"ImageObject\",\"inLanguage\":\"fr-FR\",\"@id\":\"https:\\\/\\\/secure.gravatar.com\\\/avatar\\\/2749d49026cb64198c0ffdb8c6cf892efeb307abed9491ae51e487581fb6383b?s=96&d=mm&r=g\",\"url\":\"https:\\\/\\\/secure.gravatar.com\\\/avatar\\\/2749d49026cb64198c0ffdb8c6cf892efeb307abed9491ae51e487581fb6383b?s=96&d=mm&r=g\",\"contentUrl\":\"https:\\\/\\\/secure.gravatar.com\\\/avatar\\\/2749d49026cb64198c0ffdb8c6cf892efeb307abed9491ae51e487581fb6383b?s=96&d=mm&r=g\",\"caption\":\"Medespoir\"},\"url\":\"https:\\\/\\\/www.medespoir.ch\\\/blog\\\/author\\\/medespoir\\\/\"}]}<\/script>\n<!-- \/ Yoast SEO plugin. -->","yoast_head_json":{"title":"Isabelle Boulay chirurgie esth\u00e9tique : elle en parle sans tabou","description":"Isabelle Boulay ne dit pas non \u00e0 la chirurgie esth\u00e9tique : elle en parle sans tabou, tout savoir sur la chirurgie esth\u00e9tique","robots":{"index":"index","follow":"follow","max-snippet":"max-snippet:-1","max-image-preview":"max-image-preview:large","max-video-preview":"max-video-preview:-1"},"canonical":"https:\/\/www.medespoir.ch\/blog\/isabelle-boulay-chirurgie-esthetique\/","og_locale":"fr_FR","og_type":"article","og_title":"Isabelle Boulay chirurgie esth\u00e9tique : elle en parle sans tabou","og_description":"Isabelle Boulay ne dit pas non \u00e0 la chirurgie esth\u00e9tique : elle en parle sans tabou, tout savoir sur la chirurgie esth\u00e9tique","og_url":"https:\/\/www.medespoir.ch\/blog\/isabelle-boulay-chirurgie-esthetique\/","og_site_name":"Actualit\u00e9s","article_published_time":"2023-04-04T10:00:01+00:00","article_modified_time":"2023-04-04T13:41:33+00:00","og_image":[{"width":937,"height":491,"url":"https:\/\/www.medespoir.ch\/blog\/wp-content\/uploads\/2023\/04\/isabelle-boulay.jpg","type":"image\/jpeg"}],"author":"Medespoir","twitter_card":"summary_large_image","twitter_misc":{"\u00c9crit par":"Medespoir","Dur\u00e9e de lecture estim\u00e9e":"3 minutes"},"schema":{"@context":"https:\/\/schema.org","@graph":[{"@type":"Article","@id":"https:\/\/www.medespoir.ch\/blog\/isabelle-boulay-chirurgie-esthetique\/#article","isPartOf":{"@id":"https:\/\/www.medespoir.ch\/blog\/isabelle-boulay-chirurgie-esthetique\/"},"author":{"name":"Medespoir","@id":"https:\/\/www.medespoir.ch\/blog\/#\/schema\/person\/f3137c0efad7e01f4f09954e4fe5fcaf"},"headline":"Isabelle Boulay ne dit pas non \u00e0 la chirurgie esth\u00e9tique : elle en parle sans tabou","datePublished":"2023-04-04T10:00:01+00:00","dateModified":"2023-04-04T13:41:33+00:00","mainEntityOfPage":{"@id":"https:\/\/www.medespoir.ch\/blog\/isabelle-boulay-chirurgie-esthetique\/"},"wordCount":588,"image":{"@id":"https:\/\/www.medespoir.ch\/blog\/isabelle-boulay-chirurgie-esthetique\/#primaryimage"},"thumbnailUrl":"https:\/\/www.medespoir.ch\/blog\/wp-content\/uploads\/2023\/04\/isabelle-boulay.jpg","articleSection":["Non classifi\u00e9(e)"],"inLanguage":"fr-FR"},{"@type":"WebPage","@id":"https:\/\/www.medespoir.ch\/blog\/isabelle-boulay-chirurgie-esthetique\/","url":"https:\/\/www.medespoir.ch\/blog\/isabelle-boulay-chirurgie-esthetique\/","name":"Isabelle Boulay chirurgie esth\u00e9tique : elle en parle sans tabou","isPartOf":{"@id":"https:\/\/www.medespoir.ch\/blog\/#website"},"primaryImageOfPage":{"@id":"https:\/\/www.medespoir.ch\/blog\/isabelle-boulay-chirurgie-esthetique\/#primaryimage"},"image":{"@id":"https:\/\/www.medespoir.ch\/blog\/isabelle-boulay-chirurgie-esthetique\/#primaryimage"},"thumbnailUrl":"https:\/\/www.medespoir.ch\/blog\/wp-content\/uploads\/2023\/04\/isabelle-boulay.jpg","datePublished":"2023-04-04T10:00:01+00:00","dateModified":"2023-04-04T13:41:33+00:00","author":{"@id":"https:\/\/www.medespoir.ch\/blog\/#\/schema\/person\/f3137c0efad7e01f4f09954e4fe5fcaf"},"description":"Isabelle Boulay ne dit pas non \u00e0 la chirurgie esth\u00e9tique : elle en parle sans tabou, tout savoir sur la chirurgie esth\u00e9tique","breadcrumb":{"@id":"https:\/\/www.medespoir.ch\/blog\/isabelle-boulay-chirurgie-esthetique\/#breadcrumb"},"inLanguage":"fr-FR","potentialAction":[{"@type":"ReadAction","target":["https:\/\/www.medespoir.ch\/blog\/isabelle-boulay-chirurgie-esthetique\/"]}]},{"@type":"ImageObject","inLanguage":"fr-FR","@id":"https:\/\/www.medespoir.ch\/blog\/isabelle-boulay-chirurgie-esthetique\/#primaryimage","url":"https:\/\/www.medespoir.ch\/blog\/wp-content\/uploads\/2023\/04\/isabelle-boulay.jpg","contentUrl":"https:\/\/www.medespoir.ch\/blog\/wp-content\/uploads\/2023\/04\/isabelle-boulay.jpg","width":937,"height":491,"caption":"isabelle boulay chirurgie esth\u00e9tque"},{"@type":"BreadcrumbList","@id":"https:\/\/www.medespoir.ch\/blog\/isabelle-boulay-chirurgie-esthetique\/#breadcrumb","itemListElement":[{"@type":"ListItem","position":1,"name":"Accueil","item":"https:\/\/www.medespoir.ch\/blog\/"},{"@type":"ListItem","position":2,"name":"Isabelle Boulay ne dit pas non \u00e0 la chirurgie esth\u00e9tique : elle en parle sans tabou"}]},{"@type":"WebSite","@id":"https:\/\/www.medespoir.ch\/blog\/#website","url":"https:\/\/www.medespoir.ch\/blog\/","name":"Actualit\u00e9s","description":"tout ce qui est en rapport avec la chirurgie esth\u00e9tique","potentialAction":[{"@type":"SearchAction","target":{"@type":"EntryPoint","urlTemplate":"https:\/\/www.medespoir.ch\/blog\/?s={search_term_string}"},"query-input":{"@type":"PropertyValueSpecification","valueRequired":true,"valueName":"search_term_string"}}],"inLanguage":"fr-FR"},{"@type":"Person","@id":"https:\/\/www.medespoir.ch\/blog\/#\/schema\/person\/f3137c0efad7e01f4f09954e4fe5fcaf","name":"Medespoir","image":{"@type":"ImageObject","inLanguage":"fr-FR","@id":"https:\/\/secure.gravatar.com\/avatar\/2749d49026cb64198c0ffdb8c6cf892efeb307abed9491ae51e487581fb6383b?s=96&d=mm&r=g","url":"https:\/\/secure.gravatar.com\/avatar\/2749d49026cb64198c0ffdb8c6cf892efeb307abed9491ae51e487581fb6383b?s=96&d=mm&r=g","contentUrl":"https:\/\/secure.gravatar.com\/avatar\/2749d49026cb64198c0ffdb8c6cf892efeb307abed9491ae51e487581fb6383b?s=96&d=mm&r=g","caption":"Medespoir"},"url":"https:\/\/www.medespoir.ch\/blog\/author\/medespoir\/"}]}},"_links":{"self":[{"href":"https:\/\/www.medespoir.ch\/blog\/wp-json\/wp\/v2\/posts\/3416","targetHints":{"allow":["GET"]}}],"collection":[{"href":"https:\/\/www.medespoir.ch\/blog\/wp-json\/wp\/v2\/posts"}],"about":[{"href":"https:\/\/www.medespoir.ch\/blog\/wp-json\/wp\/v2\/types\/post"}],"author":[{"embeddable":true,"href":"https:\/\/www.medespoir.ch\/blog\/wp-json\/wp\/v2\/users\/2"}],"replies":[{"embeddable":true,"href":"https:\/\/www.medespoir.ch\/blog\/wp-json\/wp\/v2\/comments?post=3416"}],"version-history":[{"count":3,"href":"https:\/\/www.medespoir.ch\/blog\/wp-json\/wp\/v2\/posts\/3416\/revisions"}],"predecessor-version":[{"id":3420,"href":"https:\/\/www.medespoir.ch\/blog\/wp-json\/wp\/v2\/posts\/3416\/revisions\/3420"}],"wp:featuredmedia":[{"embeddable":true,"href":"https:\/\/www.medespoir.ch\/blog\/wp-json\/wp\/v2\/media\/3418"}],"wp:attachment":[{"href":"https:\/\/www.medespoir.ch\/blog\/wp-json\/wp\/v2\/media?parent=3416"}],"wp:term":[{"taxonomy":"category","embeddable":true,"href":"https:\/\/www.medespoir.ch\/blog\/wp-json\/wp\/v2\/categories?post=3416"},{"taxonomy":"post_tag","embeddable":true,"href":"https:\/\/www.medespoir.ch\/blog\/wp-json\/wp\/v2\/tags?post=3416"}],"curies":[{"name":"wp","href":"https:\/\/api.w.org\/{rel}","templated":true}]}}