{"id":3733,"date":"2023-11-28T11:30:04","date_gmt":"2023-11-28T10:30:04","guid":{"rendered":"https:\/\/www.medespoir.ch\/blog\/?p=3733"},"modified":"2023-11-28T16:48:06","modified_gmt":"2023-11-28T15:48:06","slug":"chirurgies-combinees-turquie","status":"publish","type":"post","link":"https:\/\/www.medespoir.ch\/blog\/chirurgies-combinees-turquie\/","title":{"rendered":"Chirurgies combin\u00e9es du visage en Turquie"},"content":{"rendered":"<p>L&rsquo;harmonie du visage joue un r\u00f4le important dans l&rsquo;apparence g\u00e9n\u00e9rale d&rsquo;une personne. Parmi les diff\u00e9rentes op\u00e9rations esth\u00e9tiques disponibles en chirurgie du visage, la chirurgie esth\u00e9tique du menton. Cette chirurgie se d\u00e9marque comme une option populaire pour le rajeunissement du visage. En Turquie, une destination r\u00e9put\u00e9e pour son expertise en chirurgie esth\u00e9tique du visage, l&rsquo;op\u00e9ration est dite \u00ab l&#8217;embellissement du menton \u00bb, cet acte chirurgical offre aux individus la possibilit\u00e9 d&rsquo;affiner les traits de leur visage.<\/p>\n<p>&nbsp;<\/p>\n<p>Explorons ensemble les avantages, les techniques et les li\u00e9es \u00e0 l&#8217;embellissement du menton en Turquie combin\u00e9 \u00e0 la chirurgie du nez, pour mettre en \u00e9vidence un sujet d&rsquo;int\u00e9r\u00eat pour de nombreuses personnes recherchant une am\u00e9lioration du visage en Turquie.<\/p>\n<p>&nbsp;<\/p>\n<h2>La Chirurgie esth\u00e9tique Turquie<\/h2>\n<p>&nbsp;<\/p>\n<p>&nbsp;<\/p>\n<p>Les cliniques de chirurgie esth\u00e9tique en Turquie sont connues pour leurs expertises en mati\u00e8re d&rsquo;op\u00e9rations esth\u00e9tiques du nez, des oreilles des paupi\u00e8res de greffe des cheveux mais \u00e9galement la chirurgie du menton. Avec une multitude de chirurgiens exp\u00e9riment\u00e9s et des installations de pointe, la Turquie est devenue une destination populaire pour les personnes recherchant un raffinement du nez, la red\u00e9finition de leur apparence faciale et la chirurgie du rajeunissement. La combinaison de prix abordables et de soins m\u00e9dicaux de haute qualit\u00e9 a attir\u00e9 des patients du monde entier. Les techniques avanc\u00e9es et les \u00e9quipements haut de gamme du pays garantissent des r\u00e9sultats optimaux pour les patients recherchant une forme du visage plus esth\u00e9tique ou un air plus jeune. De nombreuses personnes ont rapport\u00e9 des exp\u00e9riences positives et une satisfaction incomparable quant aux leurs r\u00e9sultats d&rsquo;op\u00e9rations esth\u00e9tiques du visage en Turquie.<\/p>\n<p>&nbsp;<\/p>\n<h2>Importance des traits du visage et position du nez<\/h2>\n<p>&nbsp;<\/p>\n<p>Les traits du visage jouent un r\u00f4le important dans le domaine de la chirurgie esth\u00e9tique, notamment lorsqu\u2019il s\u2019agit du nez. Non seulement un nez bien proportionn\u00e9 peut am\u00e9liorer l\u2019apparence g\u00e9n\u00e9rale, mais il peut \u00e9galement contribuer \u00e0 l\u2019harmonie du visage. En remodelant le nez, les chirurgiens en Turquie peuvent cr\u00e9er un profil plus \u00e9quilibr\u00e9 et plus esth\u00e9tique pour leurs patients. Par exemple, un l\u00e9ger ajustement de l\u2019ar\u00eate nasale peut faire une diff\u00e9rence significative dans l\u2019affinement de la structure du visage. De plus, des modifications de la forme des narines ou de la pointe peuvent contribuer \u00e0 une pr\u00e9sentation du visage plus sym\u00e9trique et plus attrayante.<\/p>\n<h2>La chirurgie du nez<\/h2>\n<p>&nbsp;<\/p>\n<p>L&rsquo;op\u00e9ration du nez, \u00e9galement connue sous le nom de rhinoplastie, implique un remodelage et une restructuration minutieux du nez pour am\u00e9liorer son apparence. Les chirurgiens utilisent des techniques avanc\u00e9es et des \u00e9quipements de pointe pour obtenir les r\u00e9sultats souhait\u00e9s. Au cours de l&rsquo;op\u00e9ration, le chirurgien peut pratiquer des incisions pour acc\u00e9der aux structures nasales sous-jacentes et les manipuler en cons\u00e9quence.\u00a0Le nez est ensuite m\u00e9ticuleusement sculpt\u00e9 pour obtenir sym\u00e9trie et \u00e9quilibre. Cela garantit que les patients obtiennent un r\u00e9sultat naturel et esth\u00e9tique.\u00a0En choisissant un chirurgien plasticien r\u00e9put\u00e9 et exp\u00e9riment\u00e9, les patients peuvent avoir confiance dans le succ\u00e8s de l&rsquo;intervention et dans la qualit\u00e9 des soins qu&rsquo;ils re\u00e7oivent.<\/p>\n<p>&nbsp;<\/p>\n<h2>Comprendre l&rsquo;op\u00e9ration du menton<\/h2>\n<p>&nbsp;<\/p>\n<p>La chirurgie du menton est une op\u00e9ration esth\u00e9tique populaire qui am\u00e9liore l\u2019apparence du menton, cr\u00e9ant ainsi un profil facial plus \u00e9quilibr\u00e9 et harmonieux. En ajustant subtilement la forme et la projection du menton, les individus peuvent obtenir une m\u00e2choire plus d\u00e9finie et une esth\u00e9tique faciale globale am\u00e9lior\u00e9e. L\u2019op\u00e9ration est g\u00e9n\u00e9ralement r\u00e9alis\u00e9e \u00e0 l\u2019aide d\u2019implants ou de produits de comblement. Les implants sont constitu\u00e9s d\u2019un mat\u00e9riau solide, tel que le silicone, et sont ins\u00e9r\u00e9s chirurgicalement pour fournir des r\u00e9sultats durables. D\u2019autre part, les produits de comblement sont constitu\u00e9s de mat\u00e9riaux injectables, tels que l\u2019acide hyaluronique, qui peuvent offrir une solution non permanente mais rapide et efficace avec un temps d\u2019arr\u00eat minimal.<\/p>\n<p>&nbsp;<\/p>\n<p>La chirurgie du menton peut r\u00e9soudre divers probl\u00e8mes, tels qu\u2019un menton faible ou fuyant, une asym\u00e9trie ou un manque de d\u00e9finition. En am\u00e9liorant le menton, les individus peuvent atteindre l\u2019harmonie et la confiance du visage, ce qui a un impact positif sur leur image de soi. Il est important de consulter un chirurgien plasticien qualifi\u00e9 pour d\u00e9terminer l\u2019approche la plus appropri\u00e9e pour obtenir les r\u00e9sultats souhait\u00e9s.<\/p>\n<p>&nbsp;<\/p>\n<h2>Avantages de l\u2019augmentation du menton<\/h2>\n<p>&nbsp;<\/p>\n<p>L&rsquo;op\u00e9ration du menton est une chirurgie qui offre de nombreux avantages \u00e0 ceux qui recherchent une am\u00e9lioration du visage. En obtenant une apparence faciale plus \u00e9quilibr\u00e9e et sym\u00e9trique, les individus peuvent am\u00e9liorer leur confiance et leur estime de soi. L&rsquo;am\u00e9lioration de l&rsquo;harmonie du visage obtenue gr\u00e2ce \u00e0 l&rsquo;augmentation du menton peut \u00e9galement avoir un impact positif sur l&rsquo;attractivit\u00e9 per\u00e7ue, ce qui constitue en fait un choix exemplaire parmi ceux qui cherchent \u00e0 am\u00e9liorer les traits de leur visage.<\/p>\n<p>&nbsp;<\/p>\n<p>De plus, la red\u00e9finition du menton peut aider \u00e0 r\u00e9soudre divers probl\u00e8mes esth\u00e9tiques, tels qu\u2019un menton faible ou fuyant, cr\u00e9ant ainsi un profil facial plus d\u00e9fini et plus jeune. Cette op\u00e9ration offre une solution pratique pour les personnes cherchant \u00e0 obtenir l\u2019esth\u00e9tique faciale souhait\u00e9e.<\/p>\n<p>&nbsp;<\/p>\n<p>&nbsp;<\/p>\n<p>&nbsp;<\/p>\n<h2>Chirurgie esth\u00e9tique combinant la rhinoplastie et la correction du menton<\/h2>\n<p>&nbsp;<\/p>\n<p>Ces interventions chirurgicales visent \u00e0 am\u00e9liorer les proportions du visage, pour lui donner une apparence plus \u00e9quilibr\u00e9e et harmonieuse. L\u2019augmentation du nez peut r\u00e9soudre des probl\u00e8mes tels qu\u2019un nez tordu, une bosse sur l\u2019ar\u00eate ou une base de narine large. La chirurgie du menton peut am\u00e9liorer un menton faible ou fuyant, offrant ainsi une meilleure sym\u00e9trie faciale. Ces op\u00e9rations sont effectu\u00e9es par des chirurgiens qualifi\u00e9s et exp\u00e9riment\u00e9s qui donnent la priorit\u00e9 \u00e0 la s\u00e9curit\u00e9 des patients et utilisent des techniques avanc\u00e9es. Les r\u00e9sultats sont naturels et peuvent renforcer consid\u00e9rablement la confiance en soi.<\/p>\n<p>&nbsp;<\/p>\n<p>Compte tenu de tous les d\u00e9tails mentionn\u00e9s pr\u00e9c\u00e9demment et lorsqu\u2019on envisage une chirurgie du menton, La Turquie doit etre un premier choix. Avec une exp\u00e9rience \u00e9prouv\u00e9e de chirurgies r\u00e9ussies, de grandes \u00e9quipes de chirurgiens qualifi\u00e9s garantit des r\u00e9sultats optimaux. Les patients b\u00e9n\u00e9ficient non seulement de l\u2019expertise des chirurgiens, mais \u00e9galement du prix abordable et des soins de haute qualit\u00e9 uniquement disponibles en Turquie. Les cliniques de Chirurgie esth\u00e9tique Turquie donne la priorit\u00e9 \u00e0 la satisfaction des patients, en proposant une approche personnalis\u00e9e se basant sur la base des prix et en utilisant les derni\u00e8res techniques.<\/p>\n<p>En choisissant Chirurgie esth\u00e9tique Turquie, les patients peuvent rehausser ou bien corriger leur menton en toute confiance, sachant qu&rsquo;ils sont toujours entre les mains de professionnels exp\u00e9riment\u00e9s.<\/p>\n<p>&nbsp;<\/p>\n<p>Lors d&rsquo;une op\u00e9ration sp\u00e9cifique d&rsquo;affinement des traits du visage ou de profil plastie qui est chirurgie populaire en Turquie. On souligne l\u2019importance de l\u2019augmentation du menton, la red\u00e9finition du nez pour \u00e9quilibrer les proportions du visage et am\u00e9liorer l\u2019apparence g\u00e9n\u00e9rale. On doit enfin souligner le r\u00f4le leadership de la Turquie dans le domaine de la chirurgie esth\u00e9tique, offrant des techniques avanc\u00e9es et des chirurgiens qualifi\u00e9s op\u00e9rant dans des structures m\u00e9dicales \u00e9quip\u00e9es de technologies de pointe qui r\u00e9pondent \u00e0 des normes internationales d&rsquo;asepsie, pr\u00e9cision et hygi\u00e8ne.<\/p>\n","protected":false},"excerpt":{"rendered":"<p>L&rsquo;harmonie du visage joue un r\u00f4le important dans l&rsquo;apparence g\u00e9n\u00e9rale d&rsquo;une personne. Parmi les diff\u00e9rentes op\u00e9rations esth\u00e9tiques disponibles en chirurgie du visage, la chirurgie esth\u00e9tique du menton. Cette chirurgie se d\u00e9marque comme une option populaire pour le rajeunissement du visage. En Turquie, une destination r\u00e9put\u00e9e pour son expertise en chirurgie esth\u00e9tique du visage, l&rsquo;op\u00e9ration est dite \u00ab l&#8217;embellissement du menton \u00bb, cet acte chirurgical offre aux individus la possibilit\u00e9 d&rsquo;affiner les traits de leur visage. &nbsp; Explorons ensemble les avantages,&#8230;<\/p>\n<p class=\"read-more\"><a class=\"btn btn-default\" href=\"https:\/\/www.medespoir.ch\/blog\/chirurgies-combinees-turquie\/\">Lire la suite<span class=\"screen-reader-text\"> Lire la suite<\/span><\/a><\/p>\n","protected":false},"author":2,"featured_media":3736,"comment_status":"closed","ping_status":"closed","sticky":false,"template":"","format":"standard","meta":{"footnotes":""},"categories":[1,100],"tags":[],"class_list":["post-3733","post","type-post","status-publish","format-standard","has-post-thumbnail","hentry","category-non-classifiee","category-turquie"],"yoast_head":"<!-- This site is optimized with the Yoast SEO plugin v27.4 - https:\/\/yoast.com\/product\/yoast-seo-wordpress\/ -->\n<title>Chirurgies combin\u00e9es du visage en Turquie<\/title>\n<meta name=\"description\" content=\"Chirurgies combin\u00e9es visage en Turquie, tout savoir sur la rhinoplastie combin\u00e9e \u00e0 une red\u00e9finition mentonni\u00e8re, article m\u00e9dical par Med espoir\" \/>\n<meta name=\"robots\" content=\"index, follow, max-snippet:-1, max-image-preview:large, max-video-preview:-1\" \/>\n<link rel=\"canonical\" href=\"https:\/\/www.medespoir.ch\/blog\/chirurgies-combinees-turquie\/\" \/>\n<meta property=\"og:locale\" content=\"fr_FR\" \/>\n<meta property=\"og:type\" content=\"article\" \/>\n<meta property=\"og:title\" content=\"Chirurgies combin\u00e9es du visage en Turquie\" \/>\n<meta property=\"og:description\" content=\"Chirurgies combin\u00e9es visage en Turquie, tout savoir sur la rhinoplastie combin\u00e9e \u00e0 une red\u00e9finition mentonni\u00e8re, article m\u00e9dical par Med espoir\" \/>\n<meta property=\"og:url\" content=\"https:\/\/www.medespoir.ch\/blog\/chirurgies-combinees-turquie\/\" \/>\n<meta property=\"og:site_name\" content=\"Actualit\u00e9s\" \/>\n<meta property=\"article:published_time\" content=\"2023-11-28T10:30:04+00:00\" \/>\n<meta property=\"article:modified_time\" content=\"2023-11-28T15:48:06+00:00\" \/>\n<meta property=\"og:image\" content=\"https:\/\/www.medespoir.ch\/blog\/wp-content\/uploads\/2023\/11\/Genioplastie-comb-rhino.jpg\" \/>\n\t<meta property=\"og:image:width\" content=\"795\" \/>\n\t<meta property=\"og:image:height\" content=\"426\" \/>\n\t<meta property=\"og:image:type\" content=\"image\/jpeg\" \/>\n<meta name=\"author\" content=\"Medespoir\" \/>\n<meta name=\"twitter:card\" content=\"summary_large_image\" \/>\n<meta name=\"twitter:label1\" content=\"\u00c9crit par\" \/>\n\t<meta name=\"twitter:data1\" content=\"Medespoir\" \/>\n\t<meta name=\"twitter:label2\" content=\"Dur\u00e9e de lecture estim\u00e9e\" \/>\n\t<meta name=\"twitter:data2\" content=\"6 minutes\" \/>\n<script type=\"application\/ld+json\" class=\"yoast-schema-graph\">{\"@context\":\"https:\\\/\\\/schema.org\",\"@graph\":[{\"@type\":\"Article\",\"@id\":\"https:\\\/\\\/www.medespoir.ch\\\/blog\\\/chirurgies-combinees-turquie\\\/#article\",\"isPartOf\":{\"@id\":\"https:\\\/\\\/www.medespoir.ch\\\/blog\\\/chirurgies-combinees-turquie\\\/\"},\"author\":{\"name\":\"Medespoir\",\"@id\":\"https:\\\/\\\/www.medespoir.ch\\\/blog\\\/#\\\/schema\\\/person\\\/f3137c0efad7e01f4f09954e4fe5fcaf\"},\"headline\":\"Chirurgies combin\u00e9es du visage en Turquie\",\"datePublished\":\"2023-11-28T10:30:04+00:00\",\"dateModified\":\"2023-11-28T15:48:06+00:00\",\"mainEntityOfPage\":{\"@id\":\"https:\\\/\\\/www.medespoir.ch\\\/blog\\\/chirurgies-combinees-turquie\\\/\"},\"wordCount\":1299,\"image\":{\"@id\":\"https:\\\/\\\/www.medespoir.ch\\\/blog\\\/chirurgies-combinees-turquie\\\/#primaryimage\"},\"thumbnailUrl\":\"https:\\\/\\\/www.medespoir.ch\\\/blog\\\/wp-content\\\/uploads\\\/2023\\\/11\\\/Genioplastie-comb-rhino.jpg\",\"articleSection\":[\"Non classifi\u00e9(e)\",\"Turquie\"],\"inLanguage\":\"fr-FR\"},{\"@type\":\"WebPage\",\"@id\":\"https:\\\/\\\/www.medespoir.ch\\\/blog\\\/chirurgies-combinees-turquie\\\/\",\"url\":\"https:\\\/\\\/www.medespoir.ch\\\/blog\\\/chirurgies-combinees-turquie\\\/\",\"name\":\"Chirurgies combin\u00e9es du visage en Turquie\",\"isPartOf\":{\"@id\":\"https:\\\/\\\/www.medespoir.ch\\\/blog\\\/#website\"},\"primaryImageOfPage\":{\"@id\":\"https:\\\/\\\/www.medespoir.ch\\\/blog\\\/chirurgies-combinees-turquie\\\/#primaryimage\"},\"image\":{\"@id\":\"https:\\\/\\\/www.medespoir.ch\\\/blog\\\/chirurgies-combinees-turquie\\\/#primaryimage\"},\"thumbnailUrl\":\"https:\\\/\\\/www.medespoir.ch\\\/blog\\\/wp-content\\\/uploads\\\/2023\\\/11\\\/Genioplastie-comb-rhino.jpg\",\"datePublished\":\"2023-11-28T10:30:04+00:00\",\"dateModified\":\"2023-11-28T15:48:06+00:00\",\"author\":{\"@id\":\"https:\\\/\\\/www.medespoir.ch\\\/blog\\\/#\\\/schema\\\/person\\\/f3137c0efad7e01f4f09954e4fe5fcaf\"},\"description\":\"Chirurgies combin\u00e9es visage en Turquie, tout savoir sur la rhinoplastie combin\u00e9e \u00e0 une red\u00e9finition mentonni\u00e8re, article m\u00e9dical par Med espoir\",\"breadcrumb\":{\"@id\":\"https:\\\/\\\/www.medespoir.ch\\\/blog\\\/chirurgies-combinees-turquie\\\/#breadcrumb\"},\"inLanguage\":\"fr-FR\",\"potentialAction\":[{\"@type\":\"ReadAction\",\"target\":[\"https:\\\/\\\/www.medespoir.ch\\\/blog\\\/chirurgies-combinees-turquie\\\/\"]}]},{\"@type\":\"ImageObject\",\"inLanguage\":\"fr-FR\",\"@id\":\"https:\\\/\\\/www.medespoir.ch\\\/blog\\\/chirurgies-combinees-turquie\\\/#primaryimage\",\"url\":\"https:\\\/\\\/www.medespoir.ch\\\/blog\\\/wp-content\\\/uploads\\\/2023\\\/11\\\/Genioplastie-comb-rhino.jpg\",\"contentUrl\":\"https:\\\/\\\/www.medespoir.ch\\\/blog\\\/wp-content\\\/uploads\\\/2023\\\/11\\\/Genioplastie-comb-rhino.jpg\",\"width\":795,\"height\":426,\"caption\":\"smart lipo\"},{\"@type\":\"BreadcrumbList\",\"@id\":\"https:\\\/\\\/www.medespoir.ch\\\/blog\\\/chirurgies-combinees-turquie\\\/#breadcrumb\",\"itemListElement\":[{\"@type\":\"ListItem\",\"position\":1,\"name\":\"Accueil\",\"item\":\"https:\\\/\\\/www.medespoir.ch\\\/blog\\\/\"},{\"@type\":\"ListItem\",\"position\":2,\"name\":\"Chirurgies combin\u00e9es du visage en Turquie\"}]},{\"@type\":\"WebSite\",\"@id\":\"https:\\\/\\\/www.medespoir.ch\\\/blog\\\/#website\",\"url\":\"https:\\\/\\\/www.medespoir.ch\\\/blog\\\/\",\"name\":\"Actualit\u00e9s\",\"description\":\"tout ce qui est en rapport avec la chirurgie esth\u00e9tique\",\"potentialAction\":[{\"@type\":\"SearchAction\",\"target\":{\"@type\":\"EntryPoint\",\"urlTemplate\":\"https:\\\/\\\/www.medespoir.ch\\\/blog\\\/?s={search_term_string}\"},\"query-input\":{\"@type\":\"PropertyValueSpecification\",\"valueRequired\":true,\"valueName\":\"search_term_string\"}}],\"inLanguage\":\"fr-FR\"},{\"@type\":\"Person\",\"@id\":\"https:\\\/\\\/www.medespoir.ch\\\/blog\\\/#\\\/schema\\\/person\\\/f3137c0efad7e01f4f09954e4fe5fcaf\",\"name\":\"Medespoir\",\"image\":{\"@type\":\"ImageObject\",\"inLanguage\":\"fr-FR\",\"@id\":\"https:\\\/\\\/secure.gravatar.com\\\/avatar\\\/2749d49026cb64198c0ffdb8c6cf892efeb307abed9491ae51e487581fb6383b?s=96&d=mm&r=g\",\"url\":\"https:\\\/\\\/secure.gravatar.com\\\/avatar\\\/2749d49026cb64198c0ffdb8c6cf892efeb307abed9491ae51e487581fb6383b?s=96&d=mm&r=g\",\"contentUrl\":\"https:\\\/\\\/secure.gravatar.com\\\/avatar\\\/2749d49026cb64198c0ffdb8c6cf892efeb307abed9491ae51e487581fb6383b?s=96&d=mm&r=g\",\"caption\":\"Medespoir\"},\"url\":\"https:\\\/\\\/www.medespoir.ch\\\/blog\\\/author\\\/medespoir\\\/\"}]}<\/script>\n<!-- \/ Yoast SEO plugin. -->","yoast_head_json":{"title":"Chirurgies combin\u00e9es du visage en Turquie","description":"Chirurgies combin\u00e9es visage en Turquie, tout savoir sur la rhinoplastie combin\u00e9e \u00e0 une red\u00e9finition mentonni\u00e8re, article m\u00e9dical par Med espoir","robots":{"index":"index","follow":"follow","max-snippet":"max-snippet:-1","max-image-preview":"max-image-preview:large","max-video-preview":"max-video-preview:-1"},"canonical":"https:\/\/www.medespoir.ch\/blog\/chirurgies-combinees-turquie\/","og_locale":"fr_FR","og_type":"article","og_title":"Chirurgies combin\u00e9es du visage en Turquie","og_description":"Chirurgies combin\u00e9es visage en Turquie, tout savoir sur la rhinoplastie combin\u00e9e \u00e0 une red\u00e9finition mentonni\u00e8re, article m\u00e9dical par Med espoir","og_url":"https:\/\/www.medespoir.ch\/blog\/chirurgies-combinees-turquie\/","og_site_name":"Actualit\u00e9s","article_published_time":"2023-11-28T10:30:04+00:00","article_modified_time":"2023-11-28T15:48:06+00:00","og_image":[{"width":795,"height":426,"url":"https:\/\/www.medespoir.ch\/blog\/wp-content\/uploads\/2023\/11\/Genioplastie-comb-rhino.jpg","type":"image\/jpeg"}],"author":"Medespoir","twitter_card":"summary_large_image","twitter_misc":{"\u00c9crit par":"Medespoir","Dur\u00e9e de lecture estim\u00e9e":"6 minutes"},"schema":{"@context":"https:\/\/schema.org","@graph":[{"@type":"Article","@id":"https:\/\/www.medespoir.ch\/blog\/chirurgies-combinees-turquie\/#article","isPartOf":{"@id":"https:\/\/www.medespoir.ch\/blog\/chirurgies-combinees-turquie\/"},"author":{"name":"Medespoir","@id":"https:\/\/www.medespoir.ch\/blog\/#\/schema\/person\/f3137c0efad7e01f4f09954e4fe5fcaf"},"headline":"Chirurgies combin\u00e9es du visage en Turquie","datePublished":"2023-11-28T10:30:04+00:00","dateModified":"2023-11-28T15:48:06+00:00","mainEntityOfPage":{"@id":"https:\/\/www.medespoir.ch\/blog\/chirurgies-combinees-turquie\/"},"wordCount":1299,"image":{"@id":"https:\/\/www.medespoir.ch\/blog\/chirurgies-combinees-turquie\/#primaryimage"},"thumbnailUrl":"https:\/\/www.medespoir.ch\/blog\/wp-content\/uploads\/2023\/11\/Genioplastie-comb-rhino.jpg","articleSection":["Non classifi\u00e9(e)","Turquie"],"inLanguage":"fr-FR"},{"@type":"WebPage","@id":"https:\/\/www.medespoir.ch\/blog\/chirurgies-combinees-turquie\/","url":"https:\/\/www.medespoir.ch\/blog\/chirurgies-combinees-turquie\/","name":"Chirurgies combin\u00e9es du visage en Turquie","isPartOf":{"@id":"https:\/\/www.medespoir.ch\/blog\/#website"},"primaryImageOfPage":{"@id":"https:\/\/www.medespoir.ch\/blog\/chirurgies-combinees-turquie\/#primaryimage"},"image":{"@id":"https:\/\/www.medespoir.ch\/blog\/chirurgies-combinees-turquie\/#primaryimage"},"thumbnailUrl":"https:\/\/www.medespoir.ch\/blog\/wp-content\/uploads\/2023\/11\/Genioplastie-comb-rhino.jpg","datePublished":"2023-11-28T10:30:04+00:00","dateModified":"2023-11-28T15:48:06+00:00","author":{"@id":"https:\/\/www.medespoir.ch\/blog\/#\/schema\/person\/f3137c0efad7e01f4f09954e4fe5fcaf"},"description":"Chirurgies combin\u00e9es visage en Turquie, tout savoir sur la rhinoplastie combin\u00e9e \u00e0 une red\u00e9finition mentonni\u00e8re, article m\u00e9dical par Med espoir","breadcrumb":{"@id":"https:\/\/www.medespoir.ch\/blog\/chirurgies-combinees-turquie\/#breadcrumb"},"inLanguage":"fr-FR","potentialAction":[{"@type":"ReadAction","target":["https:\/\/www.medespoir.ch\/blog\/chirurgies-combinees-turquie\/"]}]},{"@type":"ImageObject","inLanguage":"fr-FR","@id":"https:\/\/www.medespoir.ch\/blog\/chirurgies-combinees-turquie\/#primaryimage","url":"https:\/\/www.medespoir.ch\/blog\/wp-content\/uploads\/2023\/11\/Genioplastie-comb-rhino.jpg","contentUrl":"https:\/\/www.medespoir.ch\/blog\/wp-content\/uploads\/2023\/11\/Genioplastie-comb-rhino.jpg","width":795,"height":426,"caption":"smart lipo"},{"@type":"BreadcrumbList","@id":"https:\/\/www.medespoir.ch\/blog\/chirurgies-combinees-turquie\/#breadcrumb","itemListElement":[{"@type":"ListItem","position":1,"name":"Accueil","item":"https:\/\/www.medespoir.ch\/blog\/"},{"@type":"ListItem","position":2,"name":"Chirurgies combin\u00e9es du visage en Turquie"}]},{"@type":"WebSite","@id":"https:\/\/www.medespoir.ch\/blog\/#website","url":"https:\/\/www.medespoir.ch\/blog\/","name":"Actualit\u00e9s","description":"tout ce qui est en rapport avec la chirurgie esth\u00e9tique","potentialAction":[{"@type":"SearchAction","target":{"@type":"EntryPoint","urlTemplate":"https:\/\/www.medespoir.ch\/blog\/?s={search_term_string}"},"query-input":{"@type":"PropertyValueSpecification","valueRequired":true,"valueName":"search_term_string"}}],"inLanguage":"fr-FR"},{"@type":"Person","@id":"https:\/\/www.medespoir.ch\/blog\/#\/schema\/person\/f3137c0efad7e01f4f09954e4fe5fcaf","name":"Medespoir","image":{"@type":"ImageObject","inLanguage":"fr-FR","@id":"https:\/\/secure.gravatar.com\/avatar\/2749d49026cb64198c0ffdb8c6cf892efeb307abed9491ae51e487581fb6383b?s=96&d=mm&r=g","url":"https:\/\/secure.gravatar.com\/avatar\/2749d49026cb64198c0ffdb8c6cf892efeb307abed9491ae51e487581fb6383b?s=96&d=mm&r=g","contentUrl":"https:\/\/secure.gravatar.com\/avatar\/2749d49026cb64198c0ffdb8c6cf892efeb307abed9491ae51e487581fb6383b?s=96&d=mm&r=g","caption":"Medespoir"},"url":"https:\/\/www.medespoir.ch\/blog\/author\/medespoir\/"}]}},"_links":{"self":[{"href":"https:\/\/www.medespoir.ch\/blog\/wp-json\/wp\/v2\/posts\/3733","targetHints":{"allow":["GET"]}}],"collection":[{"href":"https:\/\/www.medespoir.ch\/blog\/wp-json\/wp\/v2\/posts"}],"about":[{"href":"https:\/\/www.medespoir.ch\/blog\/wp-json\/wp\/v2\/types\/post"}],"author":[{"embeddable":true,"href":"https:\/\/www.medespoir.ch\/blog\/wp-json\/wp\/v2\/users\/2"}],"replies":[{"embeddable":true,"href":"https:\/\/www.medespoir.ch\/blog\/wp-json\/wp\/v2\/comments?post=3733"}],"version-history":[{"count":2,"href":"https:\/\/www.medespoir.ch\/blog\/wp-json\/wp\/v2\/posts\/3733\/revisions"}],"predecessor-version":[{"id":3735,"href":"https:\/\/www.medespoir.ch\/blog\/wp-json\/wp\/v2\/posts\/3733\/revisions\/3735"}],"wp:featuredmedia":[{"embeddable":true,"href":"https:\/\/www.medespoir.ch\/blog\/wp-json\/wp\/v2\/media\/3736"}],"wp:attachment":[{"href":"https:\/\/www.medespoir.ch\/blog\/wp-json\/wp\/v2\/media?parent=3733"}],"wp:term":[{"taxonomy":"category","embeddable":true,"href":"https:\/\/www.medespoir.ch\/blog\/wp-json\/wp\/v2\/categories?post=3733"},{"taxonomy":"post_tag","embeddable":true,"href":"https:\/\/www.medespoir.ch\/blog\/wp-json\/wp\/v2\/tags?post=3733"}],"curies":[{"name":"wp","href":"https:\/\/api.w.org\/{rel}","templated":true}]}}