{"id":602,"date":"2018-02-28T13:37:36","date_gmt":"2018-02-28T12:37:36","guid":{"rendered":"http:\/\/www.medespoir.ch\/blog\/?p=602"},"modified":"2019-10-23T14:51:35","modified_gmt":"2019-10-23T12:51:35","slug":"chirurgie-esthetique-en-spa","status":"publish","type":"post","link":"https:\/\/www.medespoir.ch\/blog\/chirurgie-esthetique-en-spa\/","title":{"rendered":"De la chirurgie esth\u00e9tique en SPA : Quand le probl\u00e8me du prix met la sant\u00e9 en p\u00e9ril"},"content":{"rendered":"<p>[flexy_breadcrumb]<\/p>\n<p>L\u2019information nous vient du Vietnam. Dans ce pays d\u2019Asie, la f\u00eate du T\u00eat est tr\u00e8s importante. Importante au point qu\u2019en plus de l\u2019explosion des demandes dans les instituts de beaut\u00e9, coiffeurs, des vietnamiens veulent subir une intervention de chirurgie esth\u00e9tique.<br \/>\nOr, on vient de s\u2019apercevoir que certains voulaient exploiter ce besoin et sans scrupules. Certains spas proposeraient, en effet, des interventions de chirurgie plastique.<\/p>\n<p>Modification du nez, chirurgie des fossettes, des apprentis chirurgiens esth\u00e9tiques font croire aux personnes qui viennent dans ces spas, qu\u2019il est possible dans le cadre de salles d\u2019eau et de bains de vapeur de r\u00e9aliser une intervention qui se d\u00e9roule normalement en bloc op\u00e9ratoire.<\/p>\n<p>C\u2019est ce qui risque d\u2019arriver quand on consid\u00e8re les tarifs comme un obstacle et qu\u2019on croit pouvoir s\u2019en remettre au premier charlatan venu \u00e0 condition qu\u2019il soit moins cher qu\u2019un vrai professionnel.<\/p>\n<p>Cette ub\u00e9risation de la pratique chirurgicale est extr\u00eame. Dans le sens, o\u00f9 elle donne \u00e0 penser qu\u2019il y aurait d\u2019un c\u00f4t\u00e9 une pratique tr\u00e8s on\u00e9reuse et de l\u2019autre uniquement de faux praticiens.<br \/>\nOr, avec les <a href=\"https:\/\/www.medespoir.com\/prix-chirurgie-esthetique-tunisie.php\">prix de la chirurgie esth\u00e9tique en Tunisie<\/a>, on sait qu\u2019on a affaire \u00e0 des tarifs mieux disant dans la garantie d\u2019\u00eatre op\u00e9r\u00e9 par un vrai chirurgien esth\u00e9tique form\u00e9, qualifi\u00e9 et exp\u00e9riment\u00e9.<br \/>\nIl ne faudrait pas que la chirurgie plastique s\u2019entende uniquement comme un march\u00e9. Car dans un march\u00e9, il y a normalement de la place pour tout le monde, y compris pour la contrefa\u00e7on et les arrangements de bouts de ficelle.<\/p>\n<p>Il est bon et m\u00eame indispensable que la chirurgie esth\u00e9tique soit accessible par endroits, que des pays se sp\u00e9cialisent dans les tarifs plus abordables, il n\u2019est pas bon, en revanche, d\u2019oublier que c\u2019est une pratique m\u00e9dicale et qui \u00e0 ce titre se pratique dans des lieux idoines avec des personnes comp\u00e9tentes et autoris\u00e9es \u00e0 le faire.<\/p>\n","protected":false},"excerpt":{"rendered":"<p>[flexy_breadcrumb] L\u2019information nous vient du Vietnam. Dans ce pays d\u2019Asie, la f\u00eate du T\u00eat est tr\u00e8s importante. Importante au point qu\u2019en plus de l\u2019explosion des demandes dans les instituts de beaut\u00e9, coiffeurs, des vietnamiens veulent subir une intervention de chirurgie esth\u00e9tique. Or, on vient de s\u2019apercevoir que certains voulaient exploiter ce besoin et sans scrupules. Certains spas proposeraient, en effet, des interventions de chirurgie plastique. Modification du nez, chirurgie des fossettes, des apprentis chirurgiens esth\u00e9tiques font croire aux personnes qui&#8230;<\/p>\n<p class=\"read-more\"><a class=\"btn btn-default\" href=\"https:\/\/www.medespoir.ch\/blog\/chirurgie-esthetique-en-spa\/\">Lire la suite<span class=\"screen-reader-text\"> Lire la suite<\/span><\/a><\/p>\n","protected":false},"author":1,"featured_media":605,"comment_status":"closed","ping_status":"closed","sticky":false,"template":"","format":"standard","meta":{"footnotes":""},"categories":[34,1],"tags":[],"class_list":["post-602","post","type-post","status-publish","format-standard","has-post-thumbnail","hentry","category-blog","category-non-classifiee"],"yoast_head":"<!-- This site is optimized with the Yoast SEO plugin v27.5 - https:\/\/yoast.com\/product\/yoast-seo-wordpress\/ -->\n<title>De la chirurgie esth\u00e9tique en SPA : Quand le probl\u00e8me du prix met la sant\u00e9 en p\u00e9ril - Actualit\u00e9s<\/title>\n<meta name=\"robots\" content=\"index, follow, max-snippet:-1, max-image-preview:large, max-video-preview:-1\" \/>\n<link rel=\"canonical\" href=\"https:\/\/www.medespoir.ch\/blog\/chirurgie-esthetique-en-spa\/\" \/>\n<meta property=\"og:locale\" content=\"fr_FR\" \/>\n<meta property=\"og:type\" content=\"article\" \/>\n<meta property=\"og:title\" content=\"De la chirurgie esth\u00e9tique en SPA : Quand le probl\u00e8me du prix met la sant\u00e9 en p\u00e9ril - Actualit\u00e9s\" \/>\n<meta property=\"og:description\" content=\"[flexy_breadcrumb] L\u2019information nous vient du Vietnam. Dans ce pays d\u2019Asie, la f\u00eate du T\u00eat est tr\u00e8s importante. Importante au point qu\u2019en plus de l\u2019explosion des demandes dans les instituts de beaut\u00e9, coiffeurs, des vietnamiens veulent subir une intervention de chirurgie esth\u00e9tique. Or, on vient de s\u2019apercevoir que certains voulaient exploiter ce besoin et sans scrupules. Certains spas proposeraient, en effet, des interventions de chirurgie plastique. Modification du nez, chirurgie des fossettes, des apprentis chirurgiens esth\u00e9tiques font croire aux personnes qui...Lire la suite Lire la suite\" \/>\n<meta property=\"og:url\" content=\"https:\/\/www.medespoir.ch\/blog\/chirurgie-esthetique-en-spa\/\" \/>\n<meta property=\"og:site_name\" content=\"Actualit\u00e9s\" \/>\n<meta property=\"article:published_time\" content=\"2018-02-28T12:37:36+00:00\" \/>\n<meta property=\"article:modified_time\" content=\"2019-10-23T12:51:35+00:00\" \/>\n<meta property=\"og:image\" content=\"https:\/\/www.medespoir.ch\/blog\/wp-content\/uploads\/2018\/02\/danger-chirurgie-esthetique-en-span.jpg\" \/>\n\t<meta property=\"og:image:width\" content=\"610\" \/>\n\t<meta property=\"og:image:height\" content=\"407\" \/>\n\t<meta property=\"og:image:type\" content=\"image\/jpeg\" \/>\n<meta name=\"author\" content=\"Espoir\" \/>\n<meta name=\"twitter:card\" content=\"summary_large_image\" \/>\n<meta name=\"twitter:label1\" content=\"\u00c9crit par\" \/>\n\t<meta name=\"twitter:data1\" content=\"Espoir\" \/>\n\t<meta name=\"twitter:label2\" content=\"Dur\u00e9e de lecture estim\u00e9e\" \/>\n\t<meta name=\"twitter:data2\" content=\"2 minutes\" \/>\n<script type=\"application\/ld+json\" class=\"yoast-schema-graph\">{\"@context\":\"https:\\\/\\\/schema.org\",\"@graph\":[{\"@type\":\"Article\",\"@id\":\"https:\\\/\\\/www.medespoir.ch\\\/blog\\\/chirurgie-esthetique-en-spa\\\/#article\",\"isPartOf\":{\"@id\":\"https:\\\/\\\/www.medespoir.ch\\\/blog\\\/chirurgie-esthetique-en-spa\\\/\"},\"author\":{\"name\":\"Espoir\",\"@id\":\"https:\\\/\\\/www.medespoir.ch\\\/blog\\\/#\\\/schema\\\/person\\\/99909ac1fb9e3869cc198b6e24e174d7\"},\"headline\":\"De la chirurgie esth\u00e9tique en SPA : Quand le probl\u00e8me du prix met la sant\u00e9 en p\u00e9ril\",\"datePublished\":\"2018-02-28T12:37:36+00:00\",\"dateModified\":\"2019-10-23T12:51:35+00:00\",\"mainEntityOfPage\":{\"@id\":\"https:\\\/\\\/www.medespoir.ch\\\/blog\\\/chirurgie-esthetique-en-spa\\\/\"},\"wordCount\":365,\"image\":{\"@id\":\"https:\\\/\\\/www.medespoir.ch\\\/blog\\\/chirurgie-esthetique-en-spa\\\/#primaryimage\"},\"thumbnailUrl\":\"https:\\\/\\\/www.medespoir.ch\\\/blog\\\/wp-content\\\/uploads\\\/2018\\\/02\\\/danger-chirurgie-esthetique-en-span.jpg\",\"articleSection\":[\"Blog\",\"Non classifi\u00e9(e)\"],\"inLanguage\":\"fr-FR\"},{\"@type\":\"WebPage\",\"@id\":\"https:\\\/\\\/www.medespoir.ch\\\/blog\\\/chirurgie-esthetique-en-spa\\\/\",\"url\":\"https:\\\/\\\/www.medespoir.ch\\\/blog\\\/chirurgie-esthetique-en-spa\\\/\",\"name\":\"De la chirurgie esth\u00e9tique en SPA : Quand le probl\u00e8me du prix met la sant\u00e9 en p\u00e9ril - Actualit\u00e9s\",\"isPartOf\":{\"@id\":\"https:\\\/\\\/www.medespoir.ch\\\/blog\\\/#website\"},\"primaryImageOfPage\":{\"@id\":\"https:\\\/\\\/www.medespoir.ch\\\/blog\\\/chirurgie-esthetique-en-spa\\\/#primaryimage\"},\"image\":{\"@id\":\"https:\\\/\\\/www.medespoir.ch\\\/blog\\\/chirurgie-esthetique-en-spa\\\/#primaryimage\"},\"thumbnailUrl\":\"https:\\\/\\\/www.medespoir.ch\\\/blog\\\/wp-content\\\/uploads\\\/2018\\\/02\\\/danger-chirurgie-esthetique-en-span.jpg\",\"datePublished\":\"2018-02-28T12:37:36+00:00\",\"dateModified\":\"2019-10-23T12:51:35+00:00\",\"author\":{\"@id\":\"https:\\\/\\\/www.medespoir.ch\\\/blog\\\/#\\\/schema\\\/person\\\/99909ac1fb9e3869cc198b6e24e174d7\"},\"breadcrumb\":{\"@id\":\"https:\\\/\\\/www.medespoir.ch\\\/blog\\\/chirurgie-esthetique-en-spa\\\/#breadcrumb\"},\"inLanguage\":\"fr-FR\",\"potentialAction\":[{\"@type\":\"ReadAction\",\"target\":[\"https:\\\/\\\/www.medespoir.ch\\\/blog\\\/chirurgie-esthetique-en-spa\\\/\"]}]},{\"@type\":\"ImageObject\",\"inLanguage\":\"fr-FR\",\"@id\":\"https:\\\/\\\/www.medespoir.ch\\\/blog\\\/chirurgie-esthetique-en-spa\\\/#primaryimage\",\"url\":\"https:\\\/\\\/www.medespoir.ch\\\/blog\\\/wp-content\\\/uploads\\\/2018\\\/02\\\/danger-chirurgie-esthetique-en-span.jpg\",\"contentUrl\":\"https:\\\/\\\/www.medespoir.ch\\\/blog\\\/wp-content\\\/uploads\\\/2018\\\/02\\\/danger-chirurgie-esthetique-en-span.jpg\",\"width\":610,\"height\":407,\"caption\":\"danger-chirurgie-esthetique-en-span\"},{\"@type\":\"BreadcrumbList\",\"@id\":\"https:\\\/\\\/www.medespoir.ch\\\/blog\\\/chirurgie-esthetique-en-spa\\\/#breadcrumb\",\"itemListElement\":[{\"@type\":\"ListItem\",\"position\":1,\"name\":\"Accueil\",\"item\":\"https:\\\/\\\/www.medespoir.ch\\\/blog\\\/\"},{\"@type\":\"ListItem\",\"position\":2,\"name\":\"De la chirurgie esth\u00e9tique en SPA : Quand le probl\u00e8me du prix met la sant\u00e9 en p\u00e9ril\"}]},{\"@type\":\"WebSite\",\"@id\":\"https:\\\/\\\/www.medespoir.ch\\\/blog\\\/#website\",\"url\":\"https:\\\/\\\/www.medespoir.ch\\\/blog\\\/\",\"name\":\"Actualit\u00e9s\",\"description\":\"tout ce qui est en rapport avec la chirurgie esth\u00e9tique\",\"potentialAction\":[{\"@type\":\"SearchAction\",\"target\":{\"@type\":\"EntryPoint\",\"urlTemplate\":\"https:\\\/\\\/www.medespoir.ch\\\/blog\\\/?s={search_term_string}\"},\"query-input\":{\"@type\":\"PropertyValueSpecification\",\"valueRequired\":true,\"valueName\":\"search_term_string\"}}],\"inLanguage\":\"fr-FR\"},{\"@type\":\"Person\",\"@id\":\"https:\\\/\\\/www.medespoir.ch\\\/blog\\\/#\\\/schema\\\/person\\\/99909ac1fb9e3869cc198b6e24e174d7\",\"name\":\"Espoir\",\"image\":{\"@type\":\"ImageObject\",\"inLanguage\":\"fr-FR\",\"@id\":\"https:\\\/\\\/secure.gravatar.com\\\/avatar\\\/2348b74ac1faeeba29af66f6ca25e9bce662a7e32d3a5f84df80788ea07d151f?s=96&d=mm&r=g\",\"url\":\"https:\\\/\\\/secure.gravatar.com\\\/avatar\\\/2348b74ac1faeeba29af66f6ca25e9bce662a7e32d3a5f84df80788ea07d151f?s=96&d=mm&r=g\",\"contentUrl\":\"https:\\\/\\\/secure.gravatar.com\\\/avatar\\\/2348b74ac1faeeba29af66f6ca25e9bce662a7e32d3a5f84df80788ea07d151f?s=96&d=mm&r=g\",\"caption\":\"Espoir\"},\"sameAs\":[\"http:\\\/\\\/www.medespoir.ch\"],\"url\":\"https:\\\/\\\/www.medespoir.ch\\\/blog\\\/author\\\/espoir\\\/\"}]}<\/script>\n<!-- \/ Yoast SEO plugin. -->","yoast_head_json":{"title":"De la chirurgie esth\u00e9tique en SPA : Quand le probl\u00e8me du prix met la sant\u00e9 en p\u00e9ril - Actualit\u00e9s","robots":{"index":"index","follow":"follow","max-snippet":"max-snippet:-1","max-image-preview":"max-image-preview:large","max-video-preview":"max-video-preview:-1"},"canonical":"https:\/\/www.medespoir.ch\/blog\/chirurgie-esthetique-en-spa\/","og_locale":"fr_FR","og_type":"article","og_title":"De la chirurgie esth\u00e9tique en SPA : Quand le probl\u00e8me du prix met la sant\u00e9 en p\u00e9ril - Actualit\u00e9s","og_description":"[flexy_breadcrumb] L\u2019information nous vient du Vietnam. Dans ce pays d\u2019Asie, la f\u00eate du T\u00eat est tr\u00e8s importante. Importante au point qu\u2019en plus de l\u2019explosion des demandes dans les instituts de beaut\u00e9, coiffeurs, des vietnamiens veulent subir une intervention de chirurgie esth\u00e9tique. Or, on vient de s\u2019apercevoir que certains voulaient exploiter ce besoin et sans scrupules. Certains spas proposeraient, en effet, des interventions de chirurgie plastique. Modification du nez, chirurgie des fossettes, des apprentis chirurgiens esth\u00e9tiques font croire aux personnes qui...Lire la suite Lire la suite","og_url":"https:\/\/www.medespoir.ch\/blog\/chirurgie-esthetique-en-spa\/","og_site_name":"Actualit\u00e9s","article_published_time":"2018-02-28T12:37:36+00:00","article_modified_time":"2019-10-23T12:51:35+00:00","og_image":[{"width":610,"height":407,"url":"https:\/\/www.medespoir.ch\/blog\/wp-content\/uploads\/2018\/02\/danger-chirurgie-esthetique-en-span.jpg","type":"image\/jpeg"}],"author":"Espoir","twitter_card":"summary_large_image","twitter_misc":{"\u00c9crit par":"Espoir","Dur\u00e9e de lecture estim\u00e9e":"2 minutes"},"schema":{"@context":"https:\/\/schema.org","@graph":[{"@type":"Article","@id":"https:\/\/www.medespoir.ch\/blog\/chirurgie-esthetique-en-spa\/#article","isPartOf":{"@id":"https:\/\/www.medespoir.ch\/blog\/chirurgie-esthetique-en-spa\/"},"author":{"name":"Espoir","@id":"https:\/\/www.medespoir.ch\/blog\/#\/schema\/person\/99909ac1fb9e3869cc198b6e24e174d7"},"headline":"De la chirurgie esth\u00e9tique en SPA : Quand le probl\u00e8me du prix met la sant\u00e9 en p\u00e9ril","datePublished":"2018-02-28T12:37:36+00:00","dateModified":"2019-10-23T12:51:35+00:00","mainEntityOfPage":{"@id":"https:\/\/www.medespoir.ch\/blog\/chirurgie-esthetique-en-spa\/"},"wordCount":365,"image":{"@id":"https:\/\/www.medespoir.ch\/blog\/chirurgie-esthetique-en-spa\/#primaryimage"},"thumbnailUrl":"https:\/\/www.medespoir.ch\/blog\/wp-content\/uploads\/2018\/02\/danger-chirurgie-esthetique-en-span.jpg","articleSection":["Blog","Non classifi\u00e9(e)"],"inLanguage":"fr-FR"},{"@type":"WebPage","@id":"https:\/\/www.medespoir.ch\/blog\/chirurgie-esthetique-en-spa\/","url":"https:\/\/www.medespoir.ch\/blog\/chirurgie-esthetique-en-spa\/","name":"De la chirurgie esth\u00e9tique en SPA : Quand le probl\u00e8me du prix met la sant\u00e9 en p\u00e9ril - Actualit\u00e9s","isPartOf":{"@id":"https:\/\/www.medespoir.ch\/blog\/#website"},"primaryImageOfPage":{"@id":"https:\/\/www.medespoir.ch\/blog\/chirurgie-esthetique-en-spa\/#primaryimage"},"image":{"@id":"https:\/\/www.medespoir.ch\/blog\/chirurgie-esthetique-en-spa\/#primaryimage"},"thumbnailUrl":"https:\/\/www.medespoir.ch\/blog\/wp-content\/uploads\/2018\/02\/danger-chirurgie-esthetique-en-span.jpg","datePublished":"2018-02-28T12:37:36+00:00","dateModified":"2019-10-23T12:51:35+00:00","author":{"@id":"https:\/\/www.medespoir.ch\/blog\/#\/schema\/person\/99909ac1fb9e3869cc198b6e24e174d7"},"breadcrumb":{"@id":"https:\/\/www.medespoir.ch\/blog\/chirurgie-esthetique-en-spa\/#breadcrumb"},"inLanguage":"fr-FR","potentialAction":[{"@type":"ReadAction","target":["https:\/\/www.medespoir.ch\/blog\/chirurgie-esthetique-en-spa\/"]}]},{"@type":"ImageObject","inLanguage":"fr-FR","@id":"https:\/\/www.medespoir.ch\/blog\/chirurgie-esthetique-en-spa\/#primaryimage","url":"https:\/\/www.medespoir.ch\/blog\/wp-content\/uploads\/2018\/02\/danger-chirurgie-esthetique-en-span.jpg","contentUrl":"https:\/\/www.medespoir.ch\/blog\/wp-content\/uploads\/2018\/02\/danger-chirurgie-esthetique-en-span.jpg","width":610,"height":407,"caption":"danger-chirurgie-esthetique-en-span"},{"@type":"BreadcrumbList","@id":"https:\/\/www.medespoir.ch\/blog\/chirurgie-esthetique-en-spa\/#breadcrumb","itemListElement":[{"@type":"ListItem","position":1,"name":"Accueil","item":"https:\/\/www.medespoir.ch\/blog\/"},{"@type":"ListItem","position":2,"name":"De la chirurgie esth\u00e9tique en SPA : Quand le probl\u00e8me du prix met la sant\u00e9 en p\u00e9ril"}]},{"@type":"WebSite","@id":"https:\/\/www.medespoir.ch\/blog\/#website","url":"https:\/\/www.medespoir.ch\/blog\/","name":"Actualit\u00e9s","description":"tout ce qui est en rapport avec la chirurgie esth\u00e9tique","potentialAction":[{"@type":"SearchAction","target":{"@type":"EntryPoint","urlTemplate":"https:\/\/www.medespoir.ch\/blog\/?s={search_term_string}"},"query-input":{"@type":"PropertyValueSpecification","valueRequired":true,"valueName":"search_term_string"}}],"inLanguage":"fr-FR"},{"@type":"Person","@id":"https:\/\/www.medespoir.ch\/blog\/#\/schema\/person\/99909ac1fb9e3869cc198b6e24e174d7","name":"Espoir","image":{"@type":"ImageObject","inLanguage":"fr-FR","@id":"https:\/\/secure.gravatar.com\/avatar\/2348b74ac1faeeba29af66f6ca25e9bce662a7e32d3a5f84df80788ea07d151f?s=96&d=mm&r=g","url":"https:\/\/secure.gravatar.com\/avatar\/2348b74ac1faeeba29af66f6ca25e9bce662a7e32d3a5f84df80788ea07d151f?s=96&d=mm&r=g","contentUrl":"https:\/\/secure.gravatar.com\/avatar\/2348b74ac1faeeba29af66f6ca25e9bce662a7e32d3a5f84df80788ea07d151f?s=96&d=mm&r=g","caption":"Espoir"},"sameAs":["http:\/\/www.medespoir.ch"],"url":"https:\/\/www.medespoir.ch\/blog\/author\/espoir\/"}]}},"_links":{"self":[{"href":"https:\/\/www.medespoir.ch\/blog\/wp-json\/wp\/v2\/posts\/602","targetHints":{"allow":["GET"]}}],"collection":[{"href":"https:\/\/www.medespoir.ch\/blog\/wp-json\/wp\/v2\/posts"}],"about":[{"href":"https:\/\/www.medespoir.ch\/blog\/wp-json\/wp\/v2\/types\/post"}],"author":[{"embeddable":true,"href":"https:\/\/www.medespoir.ch\/blog\/wp-json\/wp\/v2\/users\/1"}],"replies":[{"embeddable":true,"href":"https:\/\/www.medespoir.ch\/blog\/wp-json\/wp\/v2\/comments?post=602"}],"version-history":[{"count":3,"href":"https:\/\/www.medespoir.ch\/blog\/wp-json\/wp\/v2\/posts\/602\/revisions"}],"predecessor-version":[{"id":1809,"href":"https:\/\/www.medespoir.ch\/blog\/wp-json\/wp\/v2\/posts\/602\/revisions\/1809"}],"wp:featuredmedia":[{"embeddable":true,"href":"https:\/\/www.medespoir.ch\/blog\/wp-json\/wp\/v2\/media\/605"}],"wp:attachment":[{"href":"https:\/\/www.medespoir.ch\/blog\/wp-json\/wp\/v2\/media?parent=602"}],"wp:term":[{"taxonomy":"category","embeddable":true,"href":"https:\/\/www.medespoir.ch\/blog\/wp-json\/wp\/v2\/categories?post=602"},{"taxonomy":"post_tag","embeddable":true,"href":"https:\/\/www.medespoir.ch\/blog\/wp-json\/wp\/v2\/tags?post=602"}],"curies":[{"name":"wp","href":"https:\/\/api.w.org\/{rel}","templated":true}]}}