{"id":938,"date":"2019-10-31T12:34:07","date_gmt":"2019-10-31T11:34:07","guid":{"rendered":"http:\/\/www.medespoir.ch\/blog\/?p=938"},"modified":"2019-11-07T14:09:15","modified_gmt":"2019-11-07T13:09:15","slug":"traitement-medical-perte-cheveux","status":"publish","type":"post","link":"https:\/\/www.medespoir.ch\/blog\/traitement-medical-perte-cheveux\/","title":{"rendered":"Traitement non chirurgical perte cheveux"},"content":{"rendered":"<p>[flexy_breadcrumb]<\/p>\n<h2>Perte des cheveux<\/h2>\n<p>Le psychologique a un grand effet sur les cheveux. Parmi les causes de chute chronique et aigue des cheveux on trouve les traumatismes \u00e9motionnels, les troubles psychologiques, les troubles hormonaux mais \u00e9galement les effets secondaires des m\u00e9dicaments notamment le cas de la chimioth\u00e9rapie &#8230; Il est plus difficile de perdre ses cheveux, que perdre une partie de son argent. La perte de virilit\u00e9 et r\u00e9ciproquement de f\u00e9minit\u00e9 sont deux manifestations graves de la perte de cheveux, les femmes se sont plus r\u00e9actives face \u00e0 la perte des cheveux. Les hommes se soucient de la perte des cheveux mais g\u00e9n\u00e9ralement qu\u2019en derniers phases de la perte.<\/p>\n<h2>Quels sont les pathologies du cuir chevelu<\/h2>\n<p>La perte des cheveux peut \u00eatre associ\u00e9 \u00e0 d\u2019autres pathologies, mais dans la majorit\u00e9 des cas elle ne d\u00e9pend que de de l\u2019activit\u00e9 hormonale.<\/p>\n<p>On parle de chute anormale quand la perte d\u00e9passe 150 cheveux\/j. Le plus souvent il s\u2019agit d\u2019une cause interne au corps, les facteurs environnementaux sont minoritaires. Le dernier endroit pour d\u00e9celer les causes de la perte c\u2019est le cuir chevelu. Une perte massive des cheveux peut \u00eatre un signe de maladie grave.<\/p>\n<p>Les pathologies sont nombreuses et touchent toutes les cat\u00e9gories des patients, au moins une fois dans la vie, ils sont normaux mais peuvent conduire \u00e0 une obsession voire \u00e0 un syndrome d\u00e9pressif tr\u00e8s s\u00e9v\u00e8re. Il faut traiter cette maladie d\u00e8s les premiers jours pour ne pas laisser trainer les anomalies.<\/p>\n<h2>Le diagnostic perte de cheveux<\/h2>\n<figure id=\"attachment_943\" aria-describedby=\"caption-attachment-943\" style=\"width: 800px\" class=\"wp-caption aligncenter\"><a href=\"https:\/\/www.medespoir.ch\/blog\/wp-content\/uploads\/2019\/10\/perte-cheveux.png\"><img loading=\"lazy\" decoding=\"async\" class=\"wp-image-943 size-full\" src=\"https:\/\/www.medespoir.ch\/blog\/wp-content\/uploads\/2019\/10\/perte-cheveux.png\" alt=\"Avant et apr\u00e8s traitement m\u00e9dical\" width=\"800\" height=\"420\" srcset=\"https:\/\/www.medespoir.ch\/blog\/wp-content\/uploads\/2019\/10\/perte-cheveux.png 800w, https:\/\/www.medespoir.ch\/blog\/wp-content\/uploads\/2019\/10\/perte-cheveux-300x158.png 300w, https:\/\/www.medespoir.ch\/blog\/wp-content\/uploads\/2019\/10\/perte-cheveux-768x403.png 768w, https:\/\/www.medespoir.ch\/blog\/wp-content\/uploads\/2019\/10\/perte-cheveux-514x270.png 514w\" sizes=\"auto, (max-width: 800px) 100vw, 800px\" \/><\/a><figcaption id=\"caption-attachment-943\" class=\"wp-caption-text\">perte des cheveux homme : comment restituer ses cheveux perdus<\/figcaption><\/figure>\n<p>Le test interrogatoire repr\u00e9sente 80% du diagnostic\u00a0; l\u2019examen clinique peut qualifier la perte comme diffus\u00e9e ou localis\u00e9e ? Cicatricielle ou non ? S\u00e9borrh\u00e9e ? \u00c9ryth\u00e8me ? Squames \u2026<\/p>\n<p>Pour d\u00e9terminer la s\u00e9v\u00e9rit\u00e9 et orienter vers une \u00e9tiologie on effectue ce qu\u2019on appelle test de traction, \u00e0 cot\u00e9 de ceci un examen compl\u00e9mentaire appel\u00e9e Trichogramme permet de d\u00e9terminer si les proportions de cheveux vivants et morts sont respect\u00e9es et permet d\u2019\u00e9valuer la miniaturisation. Et enfin, pour \u00e9valuer l\u2019aspect microscopique des cheveux et du cuir chevelu. Et pour faire la diff\u00e9renciation entre alop\u00e9cie cicatricielle (nacr\u00e9-ivoire), non cicatricielle, anomalie de la tige pilaire, \u00e9valuation du cuir chevelu et choix du site de biopsie on effectue ce qu\u2019on appelle la dermatoscopie.<\/p>\n<h2>Traitement non chirurgical perte cheveux<\/h2>\n<h3>Alop\u00e9cie Androg\u00e9no G\u00e9n\u00e9tique (AAG)<\/h3>\n<p>Appel\u00e9e aussi Alop\u00e9cie par miniaturisation du cheveu terminal, cette maladie touche les hommes comme les femmes elle est due \u00e0 la miniaturisation en duvet par acc\u00e9l\u00e9ration du cycle pilaire sous l\u2019effet des hormones\u00a0; c\u2019est-\u00e0-dire \u00e0 une pr\u00e9disposition g\u00e9n\u00e9tique associ\u00e9e \u00e0 la sensibilit\u00e9 \u00e0 la testost\u00e9rone une hormone sexuelle circulant dans le sang humain.<\/p>\n<h3>Traitement pharmaceutique<\/h3>\n<p>Les m\u00e9decins prescrivent l&rsquo;un de ces m\u00e9dicaments :<br \/>\n\u2013Ac\u00e9tate de cyprot\u00e9rone (pilules, Diane35\u00ae&#8230;, Androcur\u00ae) et ou spironolactone en cas d\u2019hyperandrog\u00e9nie clinique ou biologique.<\/p>\n<p>\u2013Minoxidil 2%, 2fois par jour apr\u00e8s 18 ans. (5% hors AMM)<\/p>\n<p>\u2013Finast\u00e9ride 5mg chez femme hors AMM<\/p>\n<h2>Traiter une perte de cheveux sans greffe ni m\u00e9dicaments<\/h2>\n<p>Je ne veux pas prendre des m\u00e9dicaments ni faire une <a href=\"https:\/\/www.medespoir.ch\/blog\/fue-extraction-follicules-tunisie\/\">greffe capillaire<\/a>, quelles autres options pour traiter une perte massive des cheveux ?<br \/>\nLe traitement recommand\u00e9 comprend le traitement par m\u00e9soth\u00e9rapie sp\u00e9cifique pour le cuir chevelu, une injection de plasma riche en plaquettes (PRP) et parfois le tout combin\u00e9 sous traitement m\u00e9dical.<\/p>\n<p>Une autre option est la micropigmentation capillaire, ce qui donne un aspect \u00ab\u00a0pr\u00e9lev\u00e9\u00a0\u00bb avec le pointill\u00e9 dans toute la zone d&rsquo;alop\u00e9cie. Le r\u00e9sultat final est naturel, et c&rsquo;est ce que nous proposons aux patients qui ne peuvent pas subir de greffe capillaire ou de traitements pharmaceutiques. Ce traitement est \u00e9galement fait pour augmenter la densit\u00e9 capillaire des personnes qui ont peu de cheveux et ne veulent pas de greffe ni de solutions m\u00e9dicamenteuses.<\/p>\n<h2>Photos d&rsquo;avant et apr\u00e8s traitement perte cheveux<\/h2>\n<figure id=\"attachment_944\" aria-describedby=\"caption-attachment-944\" style=\"width: 768px\" class=\"wp-caption aligncenter\"><a href=\"https:\/\/www.medespoir.ch\/blog\/wp-content\/uploads\/2019\/10\/avant-apres.jpg\"><img loading=\"lazy\" decoding=\"async\" class=\"wp-image-944 size-full\" src=\"https:\/\/www.medespoir.ch\/blog\/wp-content\/uploads\/2019\/10\/avant-apres.jpg\" alt=\"Photos avant et apr\u00e8s traitement cheveux\" width=\"768\" height=\"1024\" srcset=\"https:\/\/www.medespoir.ch\/blog\/wp-content\/uploads\/2019\/10\/avant-apres.jpg 768w, https:\/\/www.medespoir.ch\/blog\/wp-content\/uploads\/2019\/10\/avant-apres-225x300.jpg 225w, https:\/\/www.medespoir.ch\/blog\/wp-content\/uploads\/2019\/10\/avant-apres-203x270.jpg 203w\" sizes=\"auto, (max-width: 768px) 100vw, 768px\" \/><\/a><figcaption id=\"caption-attachment-944\" class=\"wp-caption-text\">Photos d&rsquo;avant et apr\u00e8s le traitement m\u00e9dical perte de cheveux<\/figcaption><\/figure>\n","protected":false},"excerpt":{"rendered":"<p>[flexy_breadcrumb] Perte des cheveux Le psychologique a un grand effet sur les cheveux. Parmi les causes de chute chronique et aigue des cheveux on trouve les traumatismes \u00e9motionnels, les troubles psychologiques, les troubles hormonaux mais \u00e9galement les effets secondaires des m\u00e9dicaments notamment le cas de la chimioth\u00e9rapie &#8230; Il est plus difficile de perdre ses cheveux, que perdre une partie de son argent. La perte de virilit\u00e9 et r\u00e9ciproquement de f\u00e9minit\u00e9 sont deux manifestations graves de la perte de cheveux,&#8230;<\/p>\n<p class=\"read-more\"><a class=\"btn btn-default\" href=\"https:\/\/www.medespoir.ch\/blog\/traitement-medical-perte-cheveux\/\">Lire la suite<span class=\"screen-reader-text\"> Lire la suite<\/span><\/a><\/p>\n","protected":false},"author":1,"featured_media":940,"comment_status":"closed","ping_status":"closed","sticky":false,"template":"","format":"standard","meta":{"footnotes":""},"categories":[34,35],"tags":[],"class_list":["post-938","post","type-post","status-publish","format-standard","has-post-thumbnail","hentry","category-blog","category-greffe-cheveux"],"yoast_head":"<!-- This site is optimized with the Yoast SEO plugin v27.5 - https:\/\/yoast.com\/product\/yoast-seo-wordpress\/ -->\n<title>Traitement non chirurgical perte cheveux : cas de traitement alop\u00e9cie AAG<\/title>\n<meta name=\"description\" content=\"Traitement non chirurgical perte cheveux, quelques soient les types de perte des cheveux les traitements sont simples, la perte est m\u00e9dicalement trait\u00e9e\" \/>\n<meta name=\"robots\" content=\"index, follow, max-snippet:-1, max-image-preview:large, max-video-preview:-1\" \/>\n<link rel=\"canonical\" href=\"https:\/\/www.medespoir.ch\/blog\/traitement-medical-perte-cheveux\/\" \/>\n<meta property=\"og:locale\" content=\"fr_FR\" \/>\n<meta property=\"og:type\" content=\"article\" \/>\n<meta property=\"og:title\" content=\"Traitement non chirurgical perte cheveux : cas de traitement alop\u00e9cie AAG\" \/>\n<meta property=\"og:description\" content=\"Traitement non chirurgical perte cheveux, quelques soient les types de perte des cheveux les traitements sont simples, la perte est m\u00e9dicalement trait\u00e9e\" \/>\n<meta property=\"og:url\" content=\"https:\/\/www.medespoir.ch\/blog\/traitement-medical-perte-cheveux\/\" \/>\n<meta property=\"og:site_name\" content=\"Actualit\u00e9s\" \/>\n<meta property=\"article:published_time\" content=\"2019-10-31T11:34:07+00:00\" \/>\n<meta property=\"article:modified_time\" content=\"2019-11-07T13:09:15+00:00\" \/>\n<meta property=\"og:image\" content=\"https:\/\/www.medespoir.ch\/blog\/wp-content\/uploads\/2019\/10\/perte-cheveux-traitement-tunisie.jpg\" \/>\n\t<meta property=\"og:image:width\" content=\"793\" \/>\n\t<meta property=\"og:image:height\" content=\"528\" \/>\n\t<meta property=\"og:image:type\" content=\"image\/jpeg\" \/>\n<meta name=\"author\" content=\"Espoir\" \/>\n<meta name=\"twitter:card\" content=\"summary_large_image\" \/>\n<meta name=\"twitter:label1\" content=\"\u00c9crit par\" \/>\n\t<meta name=\"twitter:data1\" content=\"Espoir\" \/>\n\t<meta name=\"twitter:label2\" content=\"Dur\u00e9e de lecture estim\u00e9e\" \/>\n\t<meta name=\"twitter:data2\" content=\"4 minutes\" \/>\n<script type=\"application\/ld+json\" class=\"yoast-schema-graph\">{\"@context\":\"https:\\\/\\\/schema.org\",\"@graph\":[{\"@type\":\"Article\",\"@id\":\"https:\\\/\\\/www.medespoir.ch\\\/blog\\\/traitement-medical-perte-cheveux\\\/#article\",\"isPartOf\":{\"@id\":\"https:\\\/\\\/www.medespoir.ch\\\/blog\\\/traitement-medical-perte-cheveux\\\/\"},\"author\":{\"name\":\"Espoir\",\"@id\":\"https:\\\/\\\/www.medespoir.ch\\\/blog\\\/#\\\/schema\\\/person\\\/99909ac1fb9e3869cc198b6e24e174d7\"},\"headline\":\"Traitement non chirurgical perte cheveux\",\"datePublished\":\"2019-10-31T11:34:07+00:00\",\"dateModified\":\"2019-11-07T13:09:15+00:00\",\"mainEntityOfPage\":{\"@id\":\"https:\\\/\\\/www.medespoir.ch\\\/blog\\\/traitement-medical-perte-cheveux\\\/\"},\"wordCount\":707,\"image\":{\"@id\":\"https:\\\/\\\/www.medespoir.ch\\\/blog\\\/traitement-medical-perte-cheveux\\\/#primaryimage\"},\"thumbnailUrl\":\"https:\\\/\\\/www.medespoir.ch\\\/blog\\\/wp-content\\\/uploads\\\/2019\\\/10\\\/perte-cheveux-traitement-tunisie.jpg\",\"articleSection\":[\"Blog\",\"Greffe Cheveux\"],\"inLanguage\":\"fr-FR\"},{\"@type\":\"WebPage\",\"@id\":\"https:\\\/\\\/www.medespoir.ch\\\/blog\\\/traitement-medical-perte-cheveux\\\/\",\"url\":\"https:\\\/\\\/www.medespoir.ch\\\/blog\\\/traitement-medical-perte-cheveux\\\/\",\"name\":\"Traitement non chirurgical perte cheveux : cas de traitement alop\u00e9cie AAG\",\"isPartOf\":{\"@id\":\"https:\\\/\\\/www.medespoir.ch\\\/blog\\\/#website\"},\"primaryImageOfPage\":{\"@id\":\"https:\\\/\\\/www.medespoir.ch\\\/blog\\\/traitement-medical-perte-cheveux\\\/#primaryimage\"},\"image\":{\"@id\":\"https:\\\/\\\/www.medespoir.ch\\\/blog\\\/traitement-medical-perte-cheveux\\\/#primaryimage\"},\"thumbnailUrl\":\"https:\\\/\\\/www.medespoir.ch\\\/blog\\\/wp-content\\\/uploads\\\/2019\\\/10\\\/perte-cheveux-traitement-tunisie.jpg\",\"datePublished\":\"2019-10-31T11:34:07+00:00\",\"dateModified\":\"2019-11-07T13:09:15+00:00\",\"author\":{\"@id\":\"https:\\\/\\\/www.medespoir.ch\\\/blog\\\/#\\\/schema\\\/person\\\/99909ac1fb9e3869cc198b6e24e174d7\"},\"description\":\"Traitement non chirurgical perte cheveux, quelques soient les types de perte des cheveux les traitements sont simples, la perte est m\u00e9dicalement trait\u00e9e\",\"breadcrumb\":{\"@id\":\"https:\\\/\\\/www.medespoir.ch\\\/blog\\\/traitement-medical-perte-cheveux\\\/#breadcrumb\"},\"inLanguage\":\"fr-FR\",\"potentialAction\":[{\"@type\":\"ReadAction\",\"target\":[\"https:\\\/\\\/www.medespoir.ch\\\/blog\\\/traitement-medical-perte-cheveux\\\/\"]}]},{\"@type\":\"ImageObject\",\"inLanguage\":\"fr-FR\",\"@id\":\"https:\\\/\\\/www.medespoir.ch\\\/blog\\\/traitement-medical-perte-cheveux\\\/#primaryimage\",\"url\":\"https:\\\/\\\/www.medespoir.ch\\\/blog\\\/wp-content\\\/uploads\\\/2019\\\/10\\\/perte-cheveux-traitement-tunisie.jpg\",\"contentUrl\":\"https:\\\/\\\/www.medespoir.ch\\\/blog\\\/wp-content\\\/uploads\\\/2019\\\/10\\\/perte-cheveux-traitement-tunisie.jpg\",\"width\":793,\"height\":528,\"caption\":\"Traitement perte cheveux\"},{\"@type\":\"BreadcrumbList\",\"@id\":\"https:\\\/\\\/www.medespoir.ch\\\/blog\\\/traitement-medical-perte-cheveux\\\/#breadcrumb\",\"itemListElement\":[{\"@type\":\"ListItem\",\"position\":1,\"name\":\"Accueil\",\"item\":\"https:\\\/\\\/www.medespoir.ch\\\/blog\\\/\"},{\"@type\":\"ListItem\",\"position\":2,\"name\":\"Traitement non chirurgical perte cheveux\"}]},{\"@type\":\"WebSite\",\"@id\":\"https:\\\/\\\/www.medespoir.ch\\\/blog\\\/#website\",\"url\":\"https:\\\/\\\/www.medespoir.ch\\\/blog\\\/\",\"name\":\"Actualit\u00e9s\",\"description\":\"tout ce qui est en rapport avec la chirurgie esth\u00e9tique\",\"potentialAction\":[{\"@type\":\"SearchAction\",\"target\":{\"@type\":\"EntryPoint\",\"urlTemplate\":\"https:\\\/\\\/www.medespoir.ch\\\/blog\\\/?s={search_term_string}\"},\"query-input\":{\"@type\":\"PropertyValueSpecification\",\"valueRequired\":true,\"valueName\":\"search_term_string\"}}],\"inLanguage\":\"fr-FR\"},{\"@type\":\"Person\",\"@id\":\"https:\\\/\\\/www.medespoir.ch\\\/blog\\\/#\\\/schema\\\/person\\\/99909ac1fb9e3869cc198b6e24e174d7\",\"name\":\"Espoir\",\"image\":{\"@type\":\"ImageObject\",\"inLanguage\":\"fr-FR\",\"@id\":\"https:\\\/\\\/secure.gravatar.com\\\/avatar\\\/2348b74ac1faeeba29af66f6ca25e9bce662a7e32d3a5f84df80788ea07d151f?s=96&d=mm&r=g\",\"url\":\"https:\\\/\\\/secure.gravatar.com\\\/avatar\\\/2348b74ac1faeeba29af66f6ca25e9bce662a7e32d3a5f84df80788ea07d151f?s=96&d=mm&r=g\",\"contentUrl\":\"https:\\\/\\\/secure.gravatar.com\\\/avatar\\\/2348b74ac1faeeba29af66f6ca25e9bce662a7e32d3a5f84df80788ea07d151f?s=96&d=mm&r=g\",\"caption\":\"Espoir\"},\"sameAs\":[\"http:\\\/\\\/www.medespoir.ch\"],\"url\":\"https:\\\/\\\/www.medespoir.ch\\\/blog\\\/author\\\/espoir\\\/\"}]}<\/script>\n<!-- \/ Yoast SEO plugin. -->","yoast_head_json":{"title":"Traitement non chirurgical perte cheveux : cas de traitement alop\u00e9cie AAG","description":"Traitement non chirurgical perte cheveux, quelques soient les types de perte des cheveux les traitements sont simples, la perte est m\u00e9dicalement trait\u00e9e","robots":{"index":"index","follow":"follow","max-snippet":"max-snippet:-1","max-image-preview":"max-image-preview:large","max-video-preview":"max-video-preview:-1"},"canonical":"https:\/\/www.medespoir.ch\/blog\/traitement-medical-perte-cheveux\/","og_locale":"fr_FR","og_type":"article","og_title":"Traitement non chirurgical perte cheveux : cas de traitement alop\u00e9cie AAG","og_description":"Traitement non chirurgical perte cheveux, quelques soient les types de perte des cheveux les traitements sont simples, la perte est m\u00e9dicalement trait\u00e9e","og_url":"https:\/\/www.medespoir.ch\/blog\/traitement-medical-perte-cheveux\/","og_site_name":"Actualit\u00e9s","article_published_time":"2019-10-31T11:34:07+00:00","article_modified_time":"2019-11-07T13:09:15+00:00","og_image":[{"width":793,"height":528,"url":"https:\/\/www.medespoir.ch\/blog\/wp-content\/uploads\/2019\/10\/perte-cheveux-traitement-tunisie.jpg","type":"image\/jpeg"}],"author":"Espoir","twitter_card":"summary_large_image","twitter_misc":{"\u00c9crit par":"Espoir","Dur\u00e9e de lecture estim\u00e9e":"4 minutes"},"schema":{"@context":"https:\/\/schema.org","@graph":[{"@type":"Article","@id":"https:\/\/www.medespoir.ch\/blog\/traitement-medical-perte-cheveux\/#article","isPartOf":{"@id":"https:\/\/www.medespoir.ch\/blog\/traitement-medical-perte-cheveux\/"},"author":{"name":"Espoir","@id":"https:\/\/www.medespoir.ch\/blog\/#\/schema\/person\/99909ac1fb9e3869cc198b6e24e174d7"},"headline":"Traitement non chirurgical perte cheveux","datePublished":"2019-10-31T11:34:07+00:00","dateModified":"2019-11-07T13:09:15+00:00","mainEntityOfPage":{"@id":"https:\/\/www.medespoir.ch\/blog\/traitement-medical-perte-cheveux\/"},"wordCount":707,"image":{"@id":"https:\/\/www.medespoir.ch\/blog\/traitement-medical-perte-cheveux\/#primaryimage"},"thumbnailUrl":"https:\/\/www.medespoir.ch\/blog\/wp-content\/uploads\/2019\/10\/perte-cheveux-traitement-tunisie.jpg","articleSection":["Blog","Greffe Cheveux"],"inLanguage":"fr-FR"},{"@type":"WebPage","@id":"https:\/\/www.medespoir.ch\/blog\/traitement-medical-perte-cheveux\/","url":"https:\/\/www.medespoir.ch\/blog\/traitement-medical-perte-cheveux\/","name":"Traitement non chirurgical perte cheveux : cas de traitement alop\u00e9cie AAG","isPartOf":{"@id":"https:\/\/www.medespoir.ch\/blog\/#website"},"primaryImageOfPage":{"@id":"https:\/\/www.medespoir.ch\/blog\/traitement-medical-perte-cheveux\/#primaryimage"},"image":{"@id":"https:\/\/www.medespoir.ch\/blog\/traitement-medical-perte-cheveux\/#primaryimage"},"thumbnailUrl":"https:\/\/www.medespoir.ch\/blog\/wp-content\/uploads\/2019\/10\/perte-cheveux-traitement-tunisie.jpg","datePublished":"2019-10-31T11:34:07+00:00","dateModified":"2019-11-07T13:09:15+00:00","author":{"@id":"https:\/\/www.medespoir.ch\/blog\/#\/schema\/person\/99909ac1fb9e3869cc198b6e24e174d7"},"description":"Traitement non chirurgical perte cheveux, quelques soient les types de perte des cheveux les traitements sont simples, la perte est m\u00e9dicalement trait\u00e9e","breadcrumb":{"@id":"https:\/\/www.medespoir.ch\/blog\/traitement-medical-perte-cheveux\/#breadcrumb"},"inLanguage":"fr-FR","potentialAction":[{"@type":"ReadAction","target":["https:\/\/www.medespoir.ch\/blog\/traitement-medical-perte-cheveux\/"]}]},{"@type":"ImageObject","inLanguage":"fr-FR","@id":"https:\/\/www.medespoir.ch\/blog\/traitement-medical-perte-cheveux\/#primaryimage","url":"https:\/\/www.medespoir.ch\/blog\/wp-content\/uploads\/2019\/10\/perte-cheveux-traitement-tunisie.jpg","contentUrl":"https:\/\/www.medespoir.ch\/blog\/wp-content\/uploads\/2019\/10\/perte-cheveux-traitement-tunisie.jpg","width":793,"height":528,"caption":"Traitement perte cheveux"},{"@type":"BreadcrumbList","@id":"https:\/\/www.medespoir.ch\/blog\/traitement-medical-perte-cheveux\/#breadcrumb","itemListElement":[{"@type":"ListItem","position":1,"name":"Accueil","item":"https:\/\/www.medespoir.ch\/blog\/"},{"@type":"ListItem","position":2,"name":"Traitement non chirurgical perte cheveux"}]},{"@type":"WebSite","@id":"https:\/\/www.medespoir.ch\/blog\/#website","url":"https:\/\/www.medespoir.ch\/blog\/","name":"Actualit\u00e9s","description":"tout ce qui est en rapport avec la chirurgie esth\u00e9tique","potentialAction":[{"@type":"SearchAction","target":{"@type":"EntryPoint","urlTemplate":"https:\/\/www.medespoir.ch\/blog\/?s={search_term_string}"},"query-input":{"@type":"PropertyValueSpecification","valueRequired":true,"valueName":"search_term_string"}}],"inLanguage":"fr-FR"},{"@type":"Person","@id":"https:\/\/www.medespoir.ch\/blog\/#\/schema\/person\/99909ac1fb9e3869cc198b6e24e174d7","name":"Espoir","image":{"@type":"ImageObject","inLanguage":"fr-FR","@id":"https:\/\/secure.gravatar.com\/avatar\/2348b74ac1faeeba29af66f6ca25e9bce662a7e32d3a5f84df80788ea07d151f?s=96&d=mm&r=g","url":"https:\/\/secure.gravatar.com\/avatar\/2348b74ac1faeeba29af66f6ca25e9bce662a7e32d3a5f84df80788ea07d151f?s=96&d=mm&r=g","contentUrl":"https:\/\/secure.gravatar.com\/avatar\/2348b74ac1faeeba29af66f6ca25e9bce662a7e32d3a5f84df80788ea07d151f?s=96&d=mm&r=g","caption":"Espoir"},"sameAs":["http:\/\/www.medespoir.ch"],"url":"https:\/\/www.medespoir.ch\/blog\/author\/espoir\/"}]}},"_links":{"self":[{"href":"https:\/\/www.medespoir.ch\/blog\/wp-json\/wp\/v2\/posts\/938","targetHints":{"allow":["GET"]}}],"collection":[{"href":"https:\/\/www.medespoir.ch\/blog\/wp-json\/wp\/v2\/posts"}],"about":[{"href":"https:\/\/www.medespoir.ch\/blog\/wp-json\/wp\/v2\/types\/post"}],"author":[{"embeddable":true,"href":"https:\/\/www.medespoir.ch\/blog\/wp-json\/wp\/v2\/users\/1"}],"replies":[{"embeddable":true,"href":"https:\/\/www.medespoir.ch\/blog\/wp-json\/wp\/v2\/comments?post=938"}],"version-history":[{"count":9,"href":"https:\/\/www.medespoir.ch\/blog\/wp-json\/wp\/v2\/posts\/938\/revisions"}],"predecessor-version":[{"id":1071,"href":"https:\/\/www.medespoir.ch\/blog\/wp-json\/wp\/v2\/posts\/938\/revisions\/1071"}],"wp:featuredmedia":[{"embeddable":true,"href":"https:\/\/www.medespoir.ch\/blog\/wp-json\/wp\/v2\/media\/940"}],"wp:attachment":[{"href":"https:\/\/www.medespoir.ch\/blog\/wp-json\/wp\/v2\/media?parent=938"}],"wp:term":[{"taxonomy":"category","embeddable":true,"href":"https:\/\/www.medespoir.ch\/blog\/wp-json\/wp\/v2\/categories?post=938"},{"taxonomy":"post_tag","embeddable":true,"href":"https:\/\/www.medespoir.ch\/blog\/wp-json\/wp\/v2\/tags?post=938"}],"curies":[{"name":"wp","href":"https:\/\/api.w.org\/{rel}","templated":true}]}}